{"id":1004,"date":"2026-04-23T16:57:14","date_gmt":"2026-04-23T19:57:14","guid":{"rendered":"https:\/\/betsson.sport\/br\/?p=1004"},"modified":"2026-04-23T17:54:59","modified_gmt":"2026-04-23T20:54:59","slug":"militao-sofre-nova-lesao-e-preocupa-real-madrid-e-selecao","status":"publish","type":"post","link":"https:\/\/betsson.sport\/br\/noticias\/futebol\/mundial\/militao-sofre-nova-lesao-e-preocupa-real-madrid-e-selecao\/","title":{"rendered":"Milit\u00e3o sofre nova les\u00e3o e preocupa Real Madrid e Sele\u00e7\u00e3o"},"content":{"rendered":"\n<p>O <strong>Real Madrid<\/strong> ganhou um motivo de grande preocupa\u00e7\u00e3o na reta final da temporada. O zagueiro <strong>\u00c9der Milit\u00e3o<\/strong> teve confirmada uma les\u00e3o muscular no b\u00edceps femoral da coxa esquerda, sofrida durante a vit\u00f3ria por 2 a 1 sobre o <strong>Alav\u00e9s<\/strong>. O defensor sentiu o problema ainda no primeiro tempo, ap\u00f3s tentar uma finaliza\u00e7\u00e3o, e precisou deixar o campo com dores.<\/p>\n\n\n\n<p>Em comunicado oficial, o clube espanhol n\u00e3o detalhou o grau da les\u00e3o nem estipulou prazo de retorno, limitando-se a informar que o jogador seguir\u00e1 em acompanhamento m\u00e9dico. No entanto, segundo a imprensa local, h\u00e1 uma forte possibilidade de Milit\u00e3o n\u00e3o voltar a atuar nesta temporada, o que acende o alerta tamb\u00e9m na sele\u00e7\u00e3o brasileira.<\/p>\n\n\n\n<p>A situa\u00e7\u00e3o preocupa ainda mais pelo hist\u00f3rico recente do zagueiro. Esta j\u00e1 \u00e9 a terceira les\u00e3o muscular de Milit\u00e3o na atual temporada. Em novembro, um problema semelhante o tirou de a\u00e7\u00e3o por dois jogos. J\u00e1 em dezembro, o brasileiro sofreu uma les\u00e3o mais grave, com comprometimento do tend\u00e3o, que o afastou dos gramados por cerca de quatro meses, fazendo com que perdesse 24 partidas.<\/p>\n\n\n\n<p>O retorno aconteceu h\u00e1 pouco mais de um m\u00eas, justamente com foco nos confrontos decisivos da equipe, incluindo compromissos importantes na temporada europeia. No entanto, pouco tempo ap\u00f3s voltar ao ritmo de jogo, o defensor voltou a sentir problemas f\u00edsicos, reacendendo d\u00favidas sobre sua condi\u00e7\u00e3o.<\/p>\n\n\n\n<p>Agora, al\u00e9m de desfalcar o Real Madrid, Milit\u00e3o tamb\u00e9m vira inc\u00f3gnita para Carlo Ancelotti na montagem da lista da sele\u00e7\u00e3o para a Copa do Mundo FIFA 2026. A convoca\u00e7\u00e3o est\u00e1 marcada para 18 de maio, e o tempo de recupera\u00e7\u00e3o ser\u00e1 decisivo para definir se o zagueiro ter\u00e1 condi\u00e7\u00f5es de representar o Brasil no torneio.<\/p>\n\n\n","protected":false},"excerpt":{"rendered":"<p>Zagueiro do Real Madrid tem problema muscular na coxa e pode n\u00e3o jogar mais na temporada.<\/p>\n","protected":false},"author":12,"featured_media":1005,"comment_status":"closed","ping_status":"open","sticky":false,"template":"","format":"standard","meta":{"_acf_changed":false,"footnotes":""},"categories":[23],"tags":[34,44,36,170,52,31],"country":[],"label":[],"class_list":["post-1004","post","type-post","status-publish","format-standard","has-post-thumbnail","hentry","category-mundial","tag-brasil","tag-copa-do-mundo","tag-futebol","tag-militao","tag-real-madrid","tag-selecao-brasileira"],"acf":[],"_links":{"self":[{"href":"https:\/\/betsson.sport\/br\/wp-json\/wp\/v2\/posts\/1004","targetHints":{"allow":["GET"]}}],"collection":[{"href":"https:\/\/betsson.sport\/br\/wp-json\/wp\/v2\/posts"}],"about":[{"href":"https:\/\/betsson.sport\/br\/wp-json\/wp\/v2\/types\/post"}],"author":[{"embeddable":true,"href":"https:\/\/betsson.sport\/br\/wp-json\/wp\/v2\/users\/12"}],"replies":[{"embeddable":true,"href":"https:\/\/betsson.sport\/br\/wp-json\/wp\/v2\/comments?post=1004"}],"version-history":[{"count":0,"href":"https:\/\/betsson.sport\/br\/wp-json\/wp\/v2\/posts\/1004\/revisions"}],"wp:featuredmedia":[{"embeddable":true,"href":"https:\/\/betsson.sport\/br\/wp-json\/wp\/v2\/media\/1005"}],"wp:attachment":[{"href":"https:\/\/betsson.sport\/br\/wp-json\/wp\/v2\/media?parent=1004"}],"wp:term":[{"taxonomy":"category","embeddable":true,"href":"https:\/\/betsson.sport\/br\/wp-json\/wp\/v2\/categories?post=1004"},{"taxonomy":"post_tag","embeddable":true,"href":"https:\/\/betsson.sport\/br\/wp-json\/wp\/v2\/tags?post=1004"},{"taxonomy":"country","embeddable":true,"href":"https:\/\/betsson.sport\/br\/wp-json\/wp\/v2\/country?post=1004"},{"taxonomy":"label","embeddable":true,"href":"https:\/\/betsson.sport\/br\/wp-json\/wp\/v2\/label?post=1004"}],"curies":[{"name":"wp","href":"https:\/\/api.w.org\/{rel}","templated":true}]}}