{"id":1036,"date":"2026-04-25T11:33:32","date_gmt":"2026-04-25T14:33:32","guid":{"rendered":"https:\/\/betsson.sport\/br\/?p=1036"},"modified":"2026-04-25T11:33:33","modified_gmt":"2026-04-25T14:33:33","slug":"eder-militao-deve-passar-por-cirurgia-e-e-pode-ficar-fora-da-copa-do-mundo","status":"publish","type":"post","link":"https:\/\/betsson.sport\/br\/noticias\/futebol\/eder-militao-deve-passar-por-cirurgia-e-e-pode-ficar-fora-da-copa-do-mundo\/","title":{"rendered":"\u00c9der Milit\u00e3o deve passar por cirurgia e e pode ficar fora da Copa do Mundo"},"content":{"rendered":"\n<p>O zagueiro <strong>\u00c9der Milit\u00e3o<\/strong> se tornou a mais nova dor de cabe\u00e7a para a <strong>Sele\u00e7\u00e3o Brasileira<\/strong> \u00e0s v\u00e9speras da Copa do Mundo. Ap\u00f3s deixar o gramado com dores musculares na partida contra o Alav\u00e9s, na \u00faltima ter\u00e7a-feira (21), o cen\u00e1rio cl\u00ednico do defensor brasileiro se revelou bastante delicado. <\/p>\n\n\n\n<p>Segundo informa\u00e7\u00f5es da r\u00e1dio espanhola COPE, o atleta deve passar por uma interven\u00e7\u00e3o cir\u00fargica nos pr\u00f3ximos dias, o que torna <strong>bastante improv\u00e1vel<\/strong> a sua recupera\u00e7\u00e3o a tempo de disputar a <strong>Copa do Mundo<\/strong>.<\/p>\n\n\n\n<p>O grande agravante na situa\u00e7\u00e3o de <strong>\u00c9der Milit\u00e3o<\/strong> \u00e9 a reincid\u00eancia: trata-se exatamente da mesma les\u00e3o no b\u00edceps femoral da perna esquerda que, recentemente, j\u00e1 havia o afastado dos gramados por quatro meses. <\/p>\n\n\n\n<figure class=\"wp-block-embed is-type-video is-provider-youtube wp-block-embed-youtube wp-embed-aspect-9-16 wp-has-aspect-ratio\"><div class=\"wp-block-embed__wrapper\">\n<iframe loading=\"lazy\" title=\"MILIT\u00c3O PODE FICAR FORA DA COPA DO MUNDO!\" width=\"422\" height=\"750\" src=\"https:\/\/www.youtube.com\/embed\/tlLhh8nGIMs?feature=oembed\" frameborder=\"0\" allow=\"accelerometer; autoplay; clipboard-write; encrypted-media; gyroscope; picture-in-picture; web-share\" referrerpolicy=\"strict-origin-when-cross-origin\" allowfullscreen><\/iframe>\n<\/div><\/figure>\n\n\n\n<p>Caso a aus\u00eancia se confirme, o t\u00e9cnico Carlo Ancelotti perder\u00e1 mais um homem de confian\u00e7a em um momento cr\u00edtico. A Sele\u00e7\u00e3o Brasileira j\u00e1 n\u00e3o contar\u00e1 com Rodrygo, devido \u00e0 ruptura de um dos ligamentos do joelho, e provavelmente tamb\u00e9m n\u00e3o ter\u00e1 Est\u00eav\u00e3o, com um problema muscular grave. <\/p>\n\n\n\n<p>Para o lugar de <strong>\u00c9der Milit\u00e3o<\/strong>, quem ganha mais for\u00e7a \u00e9 Iba\u00f1ez, que foi convocado por Ancelotti para os \u00faltimos amistosos. A lista final ser\u00e1 divulgada em 18 de maio, \u00e0s 17h. <\/p>\n","protected":false},"excerpt":{"rendered":"<p>Segundo imprensa espanhola, Milit\u00e3o precisar\u00e1 de nova cirurgia ap\u00f3s agravamento de les\u00e3o muscular.<\/p>\n","protected":false},"author":12,"featured_media":1037,"comment_status":"closed","ping_status":"open","sticky":true,"template":"","format":"standard","meta":{"_acf_changed":true,"footnotes":""},"categories":[6],"tags":[44,357,36,52,31],"country":[],"label":[],"class_list":["post-1036","post","type-post","status-publish","format-standard","has-post-thumbnail","hentry","category-futebol","tag-copa-do-mundo","tag-eder-militao","tag-futebol","tag-real-madrid","tag-selecao-brasileira"],"acf":[],"_links":{"self":[{"href":"https:\/\/betsson.sport\/br\/wp-json\/wp\/v2\/posts\/1036","targetHints":{"allow":["GET"]}}],"collection":[{"href":"https:\/\/betsson.sport\/br\/wp-json\/wp\/v2\/posts"}],"about":[{"href":"https:\/\/betsson.sport\/br\/wp-json\/wp\/v2\/types\/post"}],"author":[{"embeddable":true,"href":"https:\/\/betsson.sport\/br\/wp-json\/wp\/v2\/users\/12"}],"replies":[{"embeddable":true,"href":"https:\/\/betsson.sport\/br\/wp-json\/wp\/v2\/comments?post=1036"}],"version-history":[{"count":0,"href":"https:\/\/betsson.sport\/br\/wp-json\/wp\/v2\/posts\/1036\/revisions"}],"wp:featuredmedia":[{"embeddable":true,"href":"https:\/\/betsson.sport\/br\/wp-json\/wp\/v2\/media\/1037"}],"wp:attachment":[{"href":"https:\/\/betsson.sport\/br\/wp-json\/wp\/v2\/media?parent=1036"}],"wp:term":[{"taxonomy":"category","embeddable":true,"href":"https:\/\/betsson.sport\/br\/wp-json\/wp\/v2\/categories?post=1036"},{"taxonomy":"post_tag","embeddable":true,"href":"https:\/\/betsson.sport\/br\/wp-json\/wp\/v2\/tags?post=1036"},{"taxonomy":"country","embeddable":true,"href":"https:\/\/betsson.sport\/br\/wp-json\/wp\/v2\/country?post=1036"},{"taxonomy":"label","embeddable":true,"href":"https:\/\/betsson.sport\/br\/wp-json\/wp\/v2\/label?post=1036"}],"curies":[{"name":"wp","href":"https:\/\/api.w.org\/{rel}","templated":true}]}}