{"id":1038,"date":"2026-04-25T16:00:00","date_gmt":"2026-04-25T19:00:00","guid":{"rendered":"https:\/\/betsson.sport\/br\/?p=1038"},"modified":"2026-04-27T11:37:25","modified_gmt":"2026-04-27T14:37:25","slug":"juventus-x-milan-bremer-trata-duelo-como-decisao-por-vaga-na-champions","status":"publish","type":"post","link":"https:\/\/betsson.sport\/br\/noticias\/futebol\/juventus-x-milan-bremer-trata-duelo-como-decisao-por-vaga-na-champions\/","title":{"rendered":"Juventus x Milan: Bremer trata duelo como decis\u00e3o por vaga na Champions"},"content":{"rendered":"\n<p>O zagueiro <strong>Bremer<\/strong> assumiu o papel de porta-voz da <strong>Juventus<\/strong> \u00e0\u00a0v\u00e9spera do duelo decisivo contra o <strong>Milan<\/strong> e deixou clara a meta: garantir vaga na UEFA Champions League e terminar a temporada com dignidade. <\/p>\n\n\n\n<p>\u201cFaltam poucos jogos e, se vencermos, fica bem encaminhado para a Champions\u201d, afirmou o brasileiro em entrevista coletiva na v\u00e9spera do cl\u00e1ssico deste domingo (26) ante\u00a0os rossoneros, no San Siro, pela 34\u00aa rodada do Campeonato Italiano.<\/p>\n\n\n\n<p>Atualmente, a <strong>Juventus<\/strong> ocupa a quarta coloca\u00e7\u00e3o do Campeonato Italiano, posi\u00e7\u00e3o que assegura classifica\u00e7\u00e3o \u00e0 principal competi\u00e7\u00e3o europeia. O cl\u00e1ssico diante do <strong>Milan<\/strong> \u00e9 visto como crucial para manter a vantagem sobre o Como, quinto colocado e cinco pontos atr\u00e1s, al\u00e9m de permitir que os bianconeri ultrapassem os rivais de Mil\u00e3o\u00a0na tabela.<\/p>\n\n\n\n<p> \u201cO time est\u00e1 crescendo, o t\u00e9cnico tem insistido bastante e isso aparece em campo. Jogar uma vez por semana ajuda no trabalho e aumenta a confian\u00e7a\u201d, explicou <strong>Bremer<\/strong> sobre a evolu\u00e7\u00e3o da<strong> Juventus<\/strong>, que vem de quatro vit\u00f3rias nas \u00faltimas cinco partidas. <\/p>\n\n\n\n<p>Mesmo com a rea\u00e7\u00e3o recente, o brasileiro foi direto ao avaliar a temporada e disse que n\u00e3o considera positiva. <strong>Bremer<\/strong> relembou que j\u00e1 s\u00e3o seis anos sem t\u00edtulos para a <strong>Juventus<\/strong> e que estar na Champions League \u00e9 o m\u00ednimo.<\/p>\n\n\n\n<p>Aos 29 anos, o zagueiro tamb\u00e9m vive a expectativa de estar na lista final de Carlo Ancelotti para a Copa do Mundo. Em um setor defensivo ainda em aberto, especialmente com a <a href=\"https:\/\/betsson.sport\/br\/noticias\/futebol\/eder-militao-deve-passar-por-cirurgia-e-e-pode-ficar-fora-da-copa-do-mundo\/\">les\u00e3o de \u00c9der Milit\u00e3o<\/a>, ele teve bom rendimento na \u00faltima Data Fifa e aumentou a\u00a0chance\u00a0de disputar seu segundo Mundial.<\/p>\n\n\n\n<p><\/p>\n","protected":false},"excerpt":{"rendered":"<p>Zagueiro analisa cl\u00e1ssico contra o Milan e faz avalia\u00e7\u00e3o cr\u00edtica da Juve na temporada.<\/p>\n","protected":false},"author":12,"featured_media":1039,"comment_status":"closed","ping_status":"open","sticky":false,"template":"","format":"standard","meta":{"_acf_changed":true,"footnotes":""},"categories":[6],"tags":[359,244,36,243,358,31],"country":[],"label":[],"class_list":["post-1038","post","type-post","status-publish","format-standard","has-post-thumbnail","hentry","category-futebol","tag-bremer","tag-campeonato-italiano","tag-futebol","tag-juventus","tag-milan","tag-selecao-brasileira"],"acf":[],"_links":{"self":[{"href":"https:\/\/betsson.sport\/br\/wp-json\/wp\/v2\/posts\/1038","targetHints":{"allow":["GET"]}}],"collection":[{"href":"https:\/\/betsson.sport\/br\/wp-json\/wp\/v2\/posts"}],"about":[{"href":"https:\/\/betsson.sport\/br\/wp-json\/wp\/v2\/types\/post"}],"author":[{"embeddable":true,"href":"https:\/\/betsson.sport\/br\/wp-json\/wp\/v2\/users\/12"}],"replies":[{"embeddable":true,"href":"https:\/\/betsson.sport\/br\/wp-json\/wp\/v2\/comments?post=1038"}],"version-history":[{"count":0,"href":"https:\/\/betsson.sport\/br\/wp-json\/wp\/v2\/posts\/1038\/revisions"}],"wp:featuredmedia":[{"embeddable":true,"href":"https:\/\/betsson.sport\/br\/wp-json\/wp\/v2\/media\/1039"}],"wp:attachment":[{"href":"https:\/\/betsson.sport\/br\/wp-json\/wp\/v2\/media?parent=1038"}],"wp:term":[{"taxonomy":"category","embeddable":true,"href":"https:\/\/betsson.sport\/br\/wp-json\/wp\/v2\/categories?post=1038"},{"taxonomy":"post_tag","embeddable":true,"href":"https:\/\/betsson.sport\/br\/wp-json\/wp\/v2\/tags?post=1038"},{"taxonomy":"country","embeddable":true,"href":"https:\/\/betsson.sport\/br\/wp-json\/wp\/v2\/country?post=1038"},{"taxonomy":"label","embeddable":true,"href":"https:\/\/betsson.sport\/br\/wp-json\/wp\/v2\/label?post=1038"}],"curies":[{"name":"wp","href":"https:\/\/api.w.org\/{rel}","templated":true}]}}