{"id":1058,"date":"2026-04-27T09:43:01","date_gmt":"2026-04-27T12:43:01","guid":{"rendered":"https:\/\/betsson.sport\/br\/?p=1058"},"modified":"2026-04-27T09:43:03","modified_gmt":"2026-04-27T12:43:03","slug":"militao-passara-nova-cirurgia-nao-deve-disputar-copa-do-mundo","status":"publish","type":"post","link":"https:\/\/betsson.sport\/br\/noticias\/futebol\/mundial\/militao-passara-nova-cirurgia-nao-deve-disputar-copa-do-mundo\/","title":{"rendered":"Milit\u00e3o passar\u00e1 por nova cirurgia e n\u00e3o deve disputar a Copa do Mundo"},"content":{"rendered":"\n<p><strong>\u00c9der Milit\u00e3o<\/strong> n\u00e3o deve disputar a pr\u00f3xima <strong>Copa do Mundo<\/strong>. Segundo a r\u00e1dio espanhola <em>Cope<\/em>, o defensor do <strong>Real Madrid<\/strong> passar\u00e1 por cirurgia na perna esquerda.<\/p>\n\n\n\n<p>A les\u00e3o aconteceu na vit\u00f3ria sobre o <strong>Alav\u00e9s<\/strong>, no \u00faltimo s\u00e1bado (25), e o brasileiro ficar\u00e1 ausente dos gramados por aproximadamente cinco meses.<\/p>\n\n\n\n<figure class=\"wp-block-embed is-type-video is-provider-youtube wp-block-embed-youtube\"><div class=\"wp-block-embed__wrapper\">\n<iframe loading=\"lazy\" title=\"MILIT\u00c3O PODE FICAR FORA DA COPA DO MUNDO!\" width=\"422\" height=\"750\" src=\"https:\/\/www.youtube.com\/embed\/tlLhh8nGIMs?feature=oembed\" frameborder=\"0\" allow=\"accelerometer; autoplay; clipboard-write; encrypted-media; gyroscope; picture-in-picture; web-share\" referrerpolicy=\"strict-origin-when-cross-origin\" allowfullscreen><\/iframe>\n<\/div><\/figure>\n\n\n\n<p>De acordo com o ve\u00edculo, Milit\u00e3o teve uma reabertura na cicatriz da les\u00e3o muscular anterior do b\u00edceps femoral da perna esquerda.<\/p>\n\n\n\n<p>A cirurgia \u00e9 vista como necess\u00e1ria para a cicatriza\u00e7\u00e3o completa. Sendo assim, Milit\u00e3o perder\u00e1 o restante da temporada do Real Madrid e a Copa do Mundo.<\/p>\n\n\n\n<p><\/p>\n","protected":false},"excerpt":{"rendered":"<p>Defensor sofreu a les\u00e3o na partida do Real Madrid no \u00faltimo s\u00e1bado (25).<\/p>\n","protected":false},"author":12,"featured_media":1059,"comment_status":"closed","ping_status":"open","sticky":false,"template":"","format":"standard","meta":{"_acf_changed":true,"footnotes":""},"categories":[23],"tags":[34,44,36,170,52,31],"country":[],"label":[],"class_list":["post-1058","post","type-post","status-publish","format-standard","has-post-thumbnail","hentry","category-mundial","tag-brasil","tag-copa-do-mundo","tag-futebol","tag-militao","tag-real-madrid","tag-selecao-brasileira"],"acf":[],"_links":{"self":[{"href":"https:\/\/betsson.sport\/br\/wp-json\/wp\/v2\/posts\/1058","targetHints":{"allow":["GET"]}}],"collection":[{"href":"https:\/\/betsson.sport\/br\/wp-json\/wp\/v2\/posts"}],"about":[{"href":"https:\/\/betsson.sport\/br\/wp-json\/wp\/v2\/types\/post"}],"author":[{"embeddable":true,"href":"https:\/\/betsson.sport\/br\/wp-json\/wp\/v2\/users\/12"}],"replies":[{"embeddable":true,"href":"https:\/\/betsson.sport\/br\/wp-json\/wp\/v2\/comments?post=1058"}],"version-history":[{"count":0,"href":"https:\/\/betsson.sport\/br\/wp-json\/wp\/v2\/posts\/1058\/revisions"}],"wp:featuredmedia":[{"embeddable":true,"href":"https:\/\/betsson.sport\/br\/wp-json\/wp\/v2\/media\/1059"}],"wp:attachment":[{"href":"https:\/\/betsson.sport\/br\/wp-json\/wp\/v2\/media?parent=1058"}],"wp:term":[{"taxonomy":"category","embeddable":true,"href":"https:\/\/betsson.sport\/br\/wp-json\/wp\/v2\/categories?post=1058"},{"taxonomy":"post_tag","embeddable":true,"href":"https:\/\/betsson.sport\/br\/wp-json\/wp\/v2\/tags?post=1058"},{"taxonomy":"country","embeddable":true,"href":"https:\/\/betsson.sport\/br\/wp-json\/wp\/v2\/country?post=1058"},{"taxonomy":"label","embeddable":true,"href":"https:\/\/betsson.sport\/br\/wp-json\/wp\/v2\/label?post=1058"}],"curies":[{"name":"wp","href":"https:\/\/api.w.org\/{rel}","templated":true}]}}