{"id":1064,"date":"2026-04-27T15:30:00","date_gmt":"2026-04-27T18:30:00","guid":{"rendered":"https:\/\/betsson.sport\/br\/?p=1064"},"modified":"2026-04-27T10:25:08","modified_gmt":"2026-04-27T13:25:08","slug":"volta-real-madrid-endrick-resposta-proximos-passos-carreira","status":"publish","type":"post","link":"https:\/\/betsson.sport\/br\/noticias\/futebol\/volta-real-madrid-endrick-resposta-proximos-passos-carreira\/","title":{"rendered":"Volta ao Real Madrid? A resposta de Endrick sobre os pr\u00f3ximos passos da carreira"},"content":{"rendered":"\n<p>Atualmente no <strong>Lyon<\/strong>, <strong>Endrick <\/strong>revelou n\u00e3o saber se retorna ao <strong>Real Madrid<\/strong> na pr\u00f3xima temporada.<\/p>\n\n\n\n<p>Em reta final de empr\u00e9stimo com o clube franc\u00eas, o atacante, que sonha em disputar a <strong>Copa do Mundo<\/strong> com a <strong>Sele\u00e7\u00e3o Brasileira<\/strong>, deixou o futuro em aberto.<\/p>\n\n\n\n<p>\"Honestamente, n\u00e3o sei. Vim para c\u00e1 (Lyon) por empr\u00e9stimo de seis meses. Se eu tiver que voltar para o Real Madrid, voltarei com prazer. Se eu tiver que ir para outro lugar, irei\", disse em entrevista ao <em>Canal+ Foot<\/em>.<\/p>\n\n\n\n<figure class=\"wp-block-embed is-type-video is-provider-youtube wp-block-embed-youtube\"><div class=\"wp-block-embed__wrapper\">\n<iframe loading=\"lazy\" title=\"ENDRICK E DANILO MERECEM VAGA NA COPA DO MUNDO?\" width=\"500\" height=\"281\" src=\"https:\/\/www.youtube.com\/embed\/Uqyl-29Xu14?feature=oembed\" frameborder=\"0\" allow=\"accelerometer; autoplay; clipboard-write; encrypted-media; gyroscope; picture-in-picture; web-share\" referrerpolicy=\"strict-origin-when-cross-origin\" allowfullscreen><\/iframe>\n<\/div><\/figure>\n\n\n\n<p>A entrevista repercutiu na Espanha. O jornal <em>As<\/em>, em sua manchete, destacou que Endrick \"deixou o futuro no ar\".<\/p>\n\n\n\n<p>O Lyon volta a campo pelo <strong>Campeonato Franc\u00eas<\/strong> no domingo (3), \u00e0s 15h45 (de Bras\u00edlia), para enfrentar o <strong>Rennes<\/strong>, em casa, em duelo pelo G-4.<\/p>\n\n\n\n<p><\/p>\n","protected":false},"excerpt":{"rendered":"<p>Atacante brasileiro deu a declara\u00e7\u00e3o em entrevista ao Canal+ Foot.<\/p>\n","protected":false},"author":12,"featured_media":1065,"comment_status":"closed","ping_status":"open","sticky":true,"template":"","format":"standard","meta":{"_acf_changed":true,"footnotes":""},"categories":[6],"tags":[118,36,184,52],"country":[],"label":[],"class_list":["post-1064","post","type-post","status-publish","format-standard","has-post-thumbnail","hentry","category-futebol","tag-endrick","tag-futebol","tag-lyon","tag-real-madrid"],"acf":[],"_links":{"self":[{"href":"https:\/\/betsson.sport\/br\/wp-json\/wp\/v2\/posts\/1064","targetHints":{"allow":["GET"]}}],"collection":[{"href":"https:\/\/betsson.sport\/br\/wp-json\/wp\/v2\/posts"}],"about":[{"href":"https:\/\/betsson.sport\/br\/wp-json\/wp\/v2\/types\/post"}],"author":[{"embeddable":true,"href":"https:\/\/betsson.sport\/br\/wp-json\/wp\/v2\/users\/12"}],"replies":[{"embeddable":true,"href":"https:\/\/betsson.sport\/br\/wp-json\/wp\/v2\/comments?post=1064"}],"version-history":[{"count":0,"href":"https:\/\/betsson.sport\/br\/wp-json\/wp\/v2\/posts\/1064\/revisions"}],"wp:featuredmedia":[{"embeddable":true,"href":"https:\/\/betsson.sport\/br\/wp-json\/wp\/v2\/media\/1065"}],"wp:attachment":[{"href":"https:\/\/betsson.sport\/br\/wp-json\/wp\/v2\/media?parent=1064"}],"wp:term":[{"taxonomy":"category","embeddable":true,"href":"https:\/\/betsson.sport\/br\/wp-json\/wp\/v2\/categories?post=1064"},{"taxonomy":"post_tag","embeddable":true,"href":"https:\/\/betsson.sport\/br\/wp-json\/wp\/v2\/tags?post=1064"},{"taxonomy":"country","embeddable":true,"href":"https:\/\/betsson.sport\/br\/wp-json\/wp\/v2\/country?post=1064"},{"taxonomy":"label","embeddable":true,"href":"https:\/\/betsson.sport\/br\/wp-json\/wp\/v2\/label?post=1064"}],"curies":[{"name":"wp","href":"https:\/\/api.w.org\/{rel}","templated":true}]}}