{"id":1071,"date":"2026-04-28T10:00:00","date_gmt":"2026-04-28T13:00:00","guid":{"rendered":"https:\/\/betsson.sport\/br\/?p=1071"},"modified":"2026-04-28T01:34:53","modified_gmt":"2026-04-28T04:34:53","slug":"de-saida-do-atletico-de-madrid-julian-alvarez-abre-o-jogo-sobre-futuro-da-carreira","status":"publish","type":"post","link":"https:\/\/betsson.sport\/br\/noticias\/futebol\/de-saida-do-atletico-de-madrid-julian-alvarez-abre-o-jogo-sobre-futuro-da-carreira\/","title":{"rendered":"De sa\u00edda do Atl\u00e9tico de Madrid? Juli\u00e1n Alvarez abre o jogo sobre futuro da carreira"},"content":{"rendered":"\n<p>\u00c0s v\u00e9speras do confronto com o <strong>Arsenal<\/strong> pela semifinal da<strong>Liga dos Campe\u00f5es da UEFA<\/strong>, o atacante do <strong>Atl\u00e9tico de Madrid<\/strong>, <strong>Juli\u00e1n Alvarez<\/strong>, comentou os rumores sobre deixar o\u00a0Atleti\u00a0para jogar no <strong>Barcelona<\/strong>.\u00a0<\/p>\n\n\n\n<p>Em coletiva de imprensa nesta segunda-feira (27), o atleta argentino de 26 anos, um dos principais nomes da nova gera\u00e7\u00e3o da Sele\u00e7\u00e3o Argentina, falou sobre os rumores recentes envolvendo seu nome e uma suposta sa\u00edda da equipe madrilenha.&nbsp;<\/p>\n\n\n\n<p>Primeiramente, ele afirmou que tenta n\u00e3o dar muita import\u00e2ncia aos boatos, algo que considera recorrente no meio do futebol. \u201cTrato de n\u00e3o gastar energia nisso e de me enfocar no que estamos fazendo aqui, com partidas muito importantes. Trato de me enfocar nisso e de estar muito bem pessoalmente para ajudar a equipe e fazer coisas grandiosas por aqui\u201d, ponderou \u00c1lvarez.&nbsp;<\/p>\n\n\n\n<p>Al\u00e9m disso, Juli\u00e1n afirmou que tamb\u00e9m procura n\u00e3o se colocar na posi\u00e7\u00e3o de desmentir constantemente as not\u00edcias que o cercam, porque \u201cmuitas vezes come\u00e7a a se criar uma bola [de neve] de mentiras\u201d, e que seu objetivo \u00e9 apenas guardar energia para fazer as coisas que lhe interessam, como estar cem por cento para ajudar o&nbsp;Atleti.&nbsp;<\/p>\n\n\n\n<p>Sobre isso, ele garantiu que est\u00e1 totalmente focado na primeira partida da semifinal contra o Arsenal, que ser\u00e1 disputada na quarta-feira (29), na capital espanhola. O atacante foi, inclusive, poupado pelo treinador <strong>Diego Simeone<\/strong> na \u00faltima partida do\u00a0Atleti, no s\u00e1bado passado (25), contra o <strong>Athletic Bilbao<\/strong>, j\u00e1 de olho no duelo do meio da semana.\u00a0<\/p>\n\n\n\n<p>Por outro lado, de acordo com a <em>ESPN<\/em>, o Barcelona j\u00e1 iniciou conversas com o\u00a0Colchonero\u00a0para sondar a possibilidade de contratar \u00c1lvarez, considerado pelo Bar\u00e7a como o nome ideal para compor o ataque com <strong>Lamine\u00a0Yamal<\/strong>\u00a0e <strong>Raphinha <\/strong>na pr\u00f3xima temporada.\u00a0<\/p>\n\n\n\n<p>No entanto, ainda n\u00e3o h\u00e1 nenhuma negocia\u00e7\u00e3o encaminhada. No m\u00eas passado, a <em>ESPN<\/em> tamb\u00e9m noticiou um poss\u00edvel interesse do Arsenal no argentino.\u00a0<\/p>\n\n\n\n<p>&nbsp;<\/p>\n","protected":false},"excerpt":{"rendered":"<p>Atacante argentino minimizou especula\u00e7\u00f5es envolvendo o Barcelona e garantiu estar concentrado no duelo decisivo contra o Arsenal.<\/p>\n","protected":false},"author":12,"featured_media":1072,"comment_status":"closed","ping_status":"open","sticky":false,"template":"","format":"standard","meta":{"_acf_changed":true,"footnotes":""},"categories":[6],"tags":[188,160,367,36,225,119,105],"country":[],"label":[],"class_list":["post-1071","post","type-post","status-publish","format-standard","has-post-thumbnail","hentry","category-futebol","tag-atletico-de-madrid","tag-barcelona","tag-champions","tag-futebol","tag-julian-alvarez","tag-laliga","tag-mercado-da-bola"],"acf":[],"_links":{"self":[{"href":"https:\/\/betsson.sport\/br\/wp-json\/wp\/v2\/posts\/1071","targetHints":{"allow":["GET"]}}],"collection":[{"href":"https:\/\/betsson.sport\/br\/wp-json\/wp\/v2\/posts"}],"about":[{"href":"https:\/\/betsson.sport\/br\/wp-json\/wp\/v2\/types\/post"}],"author":[{"embeddable":true,"href":"https:\/\/betsson.sport\/br\/wp-json\/wp\/v2\/users\/12"}],"replies":[{"embeddable":true,"href":"https:\/\/betsson.sport\/br\/wp-json\/wp\/v2\/comments?post=1071"}],"version-history":[{"count":0,"href":"https:\/\/betsson.sport\/br\/wp-json\/wp\/v2\/posts\/1071\/revisions"}],"wp:featuredmedia":[{"embeddable":true,"href":"https:\/\/betsson.sport\/br\/wp-json\/wp\/v2\/media\/1072"}],"wp:attachment":[{"href":"https:\/\/betsson.sport\/br\/wp-json\/wp\/v2\/media?parent=1071"}],"wp:term":[{"taxonomy":"category","embeddable":true,"href":"https:\/\/betsson.sport\/br\/wp-json\/wp\/v2\/categories?post=1071"},{"taxonomy":"post_tag","embeddable":true,"href":"https:\/\/betsson.sport\/br\/wp-json\/wp\/v2\/tags?post=1071"},{"taxonomy":"country","embeddable":true,"href":"https:\/\/betsson.sport\/br\/wp-json\/wp\/v2\/country?post=1071"},{"taxonomy":"label","embeddable":true,"href":"https:\/\/betsson.sport\/br\/wp-json\/wp\/v2\/label?post=1071"}],"curies":[{"name":"wp","href":"https:\/\/api.w.org\/{rel}","templated":true}]}}