{"id":1089,"date":"2026-04-29T09:00:00","date_gmt":"2026-04-29T12:00:00","guid":{"rendered":"https:\/\/betsson.sport\/br\/?p=1089"},"modified":"2026-04-28T21:48:05","modified_gmt":"2026-04-29T00:48:05","slug":"botafogo-justica-suspende-direitos-eagle-saf-comemora-nota","status":"publish","type":"post","link":"https:\/\/betsson.sport\/br\/noticias\/futebol\/brasileirao-serie-a\/botafogo-justica-suspende-direitos-eagle-saf-comemora-nota\/","title":{"rendered":"Justi\u00e7a suspende direitos da Eagle sobre a SAF Botafogo, que comemora em nota: \"Vinha comprometendo a governan\u00e7a\""},"content":{"rendered":"\n<p>Na noite em que o <strong>Botafogo <\/strong>venceu o <strong>Independiente Petrolero<\/strong> por <strong>3 a 0<\/strong> e manteve a lideran\u00e7a no grupo da <strong>Sul-Americana<\/strong>, a SAF emitiu uma nova que suspendeu os direitos da <em>Eagle Bidco<\/em> e determinou que em at\u00e9 10 dias haver\u00e1 uma assembleia geral para definir um novo diretor.<\/p>\n\n\n\n<p>A decis\u00e3o judicial a favor da recupera\u00e7\u00e3o judicial foi deferida pelo juiz Marcelo Mondego de Carvalho Lima, da 2\u00aa Vara Empresarial da Comarca da Capital do TJ-RJ.<\/p>\n\n\n\n<p>O cargo atualmente est\u00e1 sendo ocupado por Durcesio Mello, ex-presidente do Glorioso. Na nota, a SAF afirma que a Eagle estava \"comprometendo a governan\u00e7a\" e \"dificultando a implementa\u00e7\u00e3o de medidas essenciais para a preserva\u00e7\u00e3o da empresa\u201d.<\/p>\n\n\n\n<p><strong>Veja abaixo a nota publicada pelo Botafogo:<\/strong><\/p>\n\n\n\n<p><em>\u201cA SAF Botafogo informa que o Tribunal de\u00a0Justi\u00e7a\u00a0do Estado do Rio de Janeiro proferiu decis\u00e3o concedendo medidas urgentes para assegurar a continuidade de suas atividades e a estabilidade de sua gest\u00e3o, diante do grave cen\u00e1rio financeiro e institucional enfrentado pela companhia.<\/em><\/p>\n\n\n\n<p><em>Na decis\u00e3o, o Poder Judici\u00e1rio reconheceu que a instabilidade recente, agravada por atos do acionista controlador, Eagle Football Holdings Bidco Limited, vinha comprometendo a governan\u00e7a da SAF e dificultando a implementa\u00e7\u00e3o de medidas essenciais para a preserva\u00e7\u00e3o da empresa.<\/em><\/p>\n\n\n\n<p><em>Diante desse contexto, o Ju\u00edzo determinou a suspens\u00e3o dos direitos pol\u00edticos da Eagle, impedindo sua interfer\u00eancia em delibera\u00e7\u00f5es societ\u00e1rias, bem como a nomea\u00e7\u00e3o de Durc\u00e9sio Andrade Mello como gestor interino, com a miss\u00e3o de restabelecer a normalidade administrativa, garantir a continuidade das opera\u00e7\u00f5es e viabilizar solu\u00e7\u00f5es imediatas para o reequil\u00edbrio financeiro da companhia.<\/em><\/p>\n\n\n\n<p><em>A decis\u00e3o representa um passo fundamental para conter iniciativas que vinham gerando inseguran\u00e7a jur\u00eddica e operacional, inclusive com impactos diretos na capacidade da SAF de atrair investimentos, concluir negocia\u00e7\u00f5es estrat\u00e9gicas e honrar compromissos essenciais, como o pagamento de atletas, funcion\u00e1rios e prestadores de servi\u00e7os.<\/em><\/p>\n\n\n\n<p><em>A SAF Botafogo reitera que permanece em plena atividade, disputando todas as competi\u00e7\u00f5es e conduzindo normalmente suas opera\u00e7\u00f5es, agora sob um ambiente de maior estabilidade e seguran\u00e7a institucional. A companhia ressalta, ainda, que o procedimento arbitral em curso seguir\u00e1 seu tr\u00e2mite pr\u00f3prio, mas reafirma sua confian\u00e7a de que os fatos ali discutidos ser\u00e3o devidamente esclarecidos \u00e0 luz da legalidade e da boa-f\u00e9.<\/em><\/p>\n\n\n\n<p><em>Por fim, a SAF Botafogo reafirma seu compromisso com a transpar\u00eancia, a responsabilidade na gest\u00e3o e a preserva\u00e7\u00e3o de seu projeto esportivo, sempre em respeito \u00e0 sua torcida, parceiros e \u00e0 hist\u00f3ria do Botafogo.\u201c<\/em><\/p>\n","protected":false},"excerpt":{"rendered":"<p>Decis\u00e3o foi deferida pelo Tribunal de Justi\u00e7a do Rio de Janeiro.<\/p>\n","protected":false},"author":12,"featured_media":1090,"comment_status":"closed","ping_status":"open","sticky":false,"template":"","format":"standard","meta":{"_acf_changed":true,"footnotes":""},"categories":[7],"tags":[83,49,48,36],"country":[],"label":[],"class_list":["post-1089","post","type-post","status-publish","format-standard","has-post-thumbnail","hentry","category-brasileirao-serie-a","tag-botafogo","tag-brasileirao","tag-campeonato-brasileiro","tag-futebol"],"acf":[],"_links":{"self":[{"href":"https:\/\/betsson.sport\/br\/wp-json\/wp\/v2\/posts\/1089","targetHints":{"allow":["GET"]}}],"collection":[{"href":"https:\/\/betsson.sport\/br\/wp-json\/wp\/v2\/posts"}],"about":[{"href":"https:\/\/betsson.sport\/br\/wp-json\/wp\/v2\/types\/post"}],"author":[{"embeddable":true,"href":"https:\/\/betsson.sport\/br\/wp-json\/wp\/v2\/users\/12"}],"replies":[{"embeddable":true,"href":"https:\/\/betsson.sport\/br\/wp-json\/wp\/v2\/comments?post=1089"}],"version-history":[{"count":0,"href":"https:\/\/betsson.sport\/br\/wp-json\/wp\/v2\/posts\/1089\/revisions"}],"wp:featuredmedia":[{"embeddable":true,"href":"https:\/\/betsson.sport\/br\/wp-json\/wp\/v2\/media\/1090"}],"wp:attachment":[{"href":"https:\/\/betsson.sport\/br\/wp-json\/wp\/v2\/media?parent=1089"}],"wp:term":[{"taxonomy":"category","embeddable":true,"href":"https:\/\/betsson.sport\/br\/wp-json\/wp\/v2\/categories?post=1089"},{"taxonomy":"post_tag","embeddable":true,"href":"https:\/\/betsson.sport\/br\/wp-json\/wp\/v2\/tags?post=1089"},{"taxonomy":"country","embeddable":true,"href":"https:\/\/betsson.sport\/br\/wp-json\/wp\/v2\/country?post=1089"},{"taxonomy":"label","embeddable":true,"href":"https:\/\/betsson.sport\/br\/wp-json\/wp\/v2\/label?post=1089"}],"curies":[{"name":"wp","href":"https:\/\/api.w.org\/{rel}","templated":true}]}}