{"id":1105,"date":"2026-04-29T23:56:01","date_gmt":"2026-04-30T02:56:01","guid":{"rendered":"https:\/\/betsson.sport\/br\/?p=1105"},"modified":"2026-04-29T23:56:02","modified_gmt":"2026-04-30T02:56:02","slug":"arrascaeta-sofre-lesao-clavicula-desfalca-flamengo-preocupa-uruguai-copa","status":"publish","type":"post","link":"https:\/\/betsson.sport\/br\/noticias\/futebol\/libertadores\/arrascaeta-sofre-lesao-clavicula-desfalca-flamengo-preocupa-uruguai-copa\/","title":{"rendered":"Arrascaeta sofre fratura na clav\u00edcula, desfalca o Flamengo e preocupa Uruguai para a Copa do Mundo"},"content":{"rendered":"\n<p>O <strong>Flamengo <\/strong>ganhou uma enorme preocupa\u00e7\u00e3o para a sequ\u00eancia da temporada. <strong>Arrascaeta <\/strong>teve diagnosticada fratura na clav\u00edcula.<\/p>\n\n\n\n<p>O lance que levou \u00e0 les\u00e3o do camisa 10 aconteceu aos 16 minutos do primeiro tempo.\u00a0O uruguaio, ap\u00f3s dividida com\u00a0<strong>Piovi<\/strong>, caiu em cima do ombro direito e deixou o gramado para a entrada de\u00a0<strong>Carrascal<\/strong>.<\/p>\n\n\n\n<p>\"Ap\u00f3s exame de imagem realizado em um hospital local, o meia teve confirmada fratura na clav\u00edcula direita. O jogador retornar\u00e1 ao Rio de Janeiro na madrugada desta quinta-feira (30) juntamente com o restante da delega\u00e7\u00e3o\", informou o Flamengo.<\/p>\n\n\n\n<p>Arrascaeta sequer ficou no banco de reservas ap\u00f3s ser substitu\u00eddo. O meia foi direto para o vesti\u00e1rio fazer exames e, ap\u00f3s ida ao hospital, teve a fratura detectada.<\/p>\n\n\n\n<p><a href=\"https:\/\/betsson.sport\/br\/noticias\/futebol\/libertadores\/flamengo-empata-estudiantes-fora-casa-segue-lider-libertadores\/\"><strong>Com o empate<\/strong><\/a>, o Flamengo chegou aos\u00a0<strong>7<\/strong>\u00a0pontos e segue l\u00edder do Grupo A. O Estudiantes \u00e9 o\u00a0<strong>2\u00ba<\/strong>, com\u00a0<strong>5<\/strong>.<\/p>\n\n\n\n<p><a href=\"https:\/\/record.betsson.bet.br\/_vEvWDW056iNdXfJ7-ygnYWNd7ZgqdRLk\/1\/\" target=\"_blank\" rel=\"noreferrer noopener\"><\/a><\/p>\n","protected":false},"excerpt":{"rendered":"<p>Meia uruguaio deixou a partida aos 16 minutos da primeira etapa.<\/p>\n","protected":false},"author":12,"featured_media":1106,"comment_status":"closed","ping_status":"open","sticky":false,"template":"","format":"standard","meta":{"_acf_changed":true,"footnotes":""},"categories":[10],"tags":[233,44,53,36,54,93],"country":[],"label":[],"class_list":["post-1105","post","type-post","status-publish","format-standard","has-post-thumbnail","hentry","category-libertadores","tag-arrascaeta","tag-copa-do-mundo","tag-flamengo","tag-futebol","tag-libertadores","tag-uruguai"],"acf":[],"_links":{"self":[{"href":"https:\/\/betsson.sport\/br\/wp-json\/wp\/v2\/posts\/1105","targetHints":{"allow":["GET"]}}],"collection":[{"href":"https:\/\/betsson.sport\/br\/wp-json\/wp\/v2\/posts"}],"about":[{"href":"https:\/\/betsson.sport\/br\/wp-json\/wp\/v2\/types\/post"}],"author":[{"embeddable":true,"href":"https:\/\/betsson.sport\/br\/wp-json\/wp\/v2\/users\/12"}],"replies":[{"embeddable":true,"href":"https:\/\/betsson.sport\/br\/wp-json\/wp\/v2\/comments?post=1105"}],"version-history":[{"count":0,"href":"https:\/\/betsson.sport\/br\/wp-json\/wp\/v2\/posts\/1105\/revisions"}],"wp:featuredmedia":[{"embeddable":true,"href":"https:\/\/betsson.sport\/br\/wp-json\/wp\/v2\/media\/1106"}],"wp:attachment":[{"href":"https:\/\/betsson.sport\/br\/wp-json\/wp\/v2\/media?parent=1105"}],"wp:term":[{"taxonomy":"category","embeddable":true,"href":"https:\/\/betsson.sport\/br\/wp-json\/wp\/v2\/categories?post=1105"},{"taxonomy":"post_tag","embeddable":true,"href":"https:\/\/betsson.sport\/br\/wp-json\/wp\/v2\/tags?post=1105"},{"taxonomy":"country","embeddable":true,"href":"https:\/\/betsson.sport\/br\/wp-json\/wp\/v2\/country?post=1105"},{"taxonomy":"label","embeddable":true,"href":"https:\/\/betsson.sport\/br\/wp-json\/wp\/v2\/label?post=1105"}],"curies":[{"name":"wp","href":"https:\/\/api.w.org\/{rel}","templated":true}]}}