{"id":1119,"date":"2026-05-01T10:00:00","date_gmt":"2026-05-01T13:00:00","guid":{"rendered":"https:\/\/betsson.sport\/br\/?p=1119"},"modified":"2026-04-30T13:35:28","modified_gmt":"2026-04-30T16:35:28","slug":"endrick-diz-quer-filho-fora-futebol-advogado-medico-outra-coisa","status":"publish","type":"post","link":"https:\/\/betsson.sport\/br\/noticias\/futebol\/endrick-diz-quer-filho-fora-futebol-advogado-medico-outra-coisa\/","title":{"rendered":"Endrick diz que quer filho fora do futebol: \"Se torne advogado, m\u00e9dico ou outra coisa\""},"content":{"rendered":"\n<p>Mesmo com a pouca idade, <strong>Endrick <\/strong>mostra muita maturidade na carreira. E sobre a press\u00e3o que lida diariamente, o jogador n\u00e3o quer que a mesma seja aplicada ao seu filho.<\/p>\n\n\n\n<p>Em entrevista ao <em>The Guardian<\/em>, o atacante do <strong>Lyon<\/strong> deixou claro que n\u00e3o deseja que o filho seja jogador de futebol.<\/p>\n\n\n\n<p>\"Espero que ele ou ela se torne um grande ser humano. E que me veja fora de campo como uma pessoa normal, n\u00e3o como Endrick, o jogador. O futebol n\u00e3o \u00e9 um lugar agrad\u00e1vel. \u00c9 um ambiente muito dif\u00edcil. Espero que ele se torne um advogado, um m\u00e9dico ou qualquer outra coisa, e que possa ser feliz em seu pr\u00f3prio mundo\", disparou.<\/p>\n\n\n\n<figure class=\"wp-block-embed is-type-video is-provider-youtube wp-block-embed-youtube\"><div class=\"wp-block-embed__wrapper\">\n<iframe loading=\"lazy\" title=\"ENDRICK E DANILO MERECEM VAGA NA COPA DO MUNDO?\" width=\"500\" height=\"281\" src=\"https:\/\/www.youtube.com\/embed\/Uqyl-29Xu14?feature=oembed\" frameborder=\"0\" allow=\"accelerometer; autoplay; clipboard-write; encrypted-media; gyroscope; picture-in-picture; web-share\" referrerpolicy=\"strict-origin-when-cross-origin\" allowfullscreen><\/iframe>\n<\/div><\/figure>\n\n\n\n<p>Em abril, Endrick e a esposa Gabriely Miranda anunciaram a gravidez e revelaram que ser\u00e1 um menino. Por\u00e9m, o atacante quer que o filho tenha uma vida tranquila fora do futebol.<\/p>\n\n\n\n<p>\"Quando comecei (a jogar), eu lidava muito mal com as redes sociais e as cr\u00edticas. Sa\u00eda do campo e ia direto para o Twitter (agora X), para as redes sociais, para ver o que as pessoas estavam dizendo sobre mim. Eu queria inflar meu ego. Mas isso n\u00e3o \u00e9 bom. Gra\u00e7as a Deus, essa fase acabou. Quando a partida termina, eu me mantenho calmo e me concentro na minha recupera\u00e7\u00e3o. N\u00e3o me importo mais com essas cr\u00edticas\", completou.<\/p>\n\n\n\n<p>Sobre a <strong>Sele\u00e7\u00e3o Brasileir<\/strong>a, Endrick destacou o sonho de disputar a <strong>Copa do Mundo<\/strong>. A lista final de<strong> Carlo Ancelotti <\/strong>com os <strong>26 <\/strong>nomes que disputar\u00e3o a competi\u00e7\u00e3o sair\u00e1 no pr\u00f3ximo dia 18 de maio.<\/p>\n\n\n\n<p>\"Meu primeiro desejo \u00e9 jogar a Copa. Preciso estar l\u00e1. Esse \u00e9 o meu primeiro pensamento. Antes de pensar no t\u00edtulo, preciso fazer bem o meu trabalho no Lyon. Estou focado aqui. Preciso jogar bem nessas partidas restantes para garantir minha vaga. Meu sonho \u00e9 jogar a Copa do Mundo e ajudar meu pa\u00eds. Darei o meu melhor para ajudar o Brasil.\"<\/p>\n","protected":false},"excerpt":{"rendered":"<p>Atacante brasileiro falou em entrevista ao jornal The Guardian.<\/p>\n","protected":false},"author":12,"featured_media":695,"comment_status":"closed","ping_status":"open","sticky":false,"template":"","format":"standard","meta":{"_acf_changed":true,"footnotes":""},"categories":[6],"tags":[34,44,118,36,31],"country":[],"label":[],"class_list":["post-1119","post","type-post","status-publish","format-standard","has-post-thumbnail","hentry","category-futebol","tag-brasil","tag-copa-do-mundo","tag-endrick","tag-futebol","tag-selecao-brasileira"],"acf":[],"_links":{"self":[{"href":"https:\/\/betsson.sport\/br\/wp-json\/wp\/v2\/posts\/1119","targetHints":{"allow":["GET"]}}],"collection":[{"href":"https:\/\/betsson.sport\/br\/wp-json\/wp\/v2\/posts"}],"about":[{"href":"https:\/\/betsson.sport\/br\/wp-json\/wp\/v2\/types\/post"}],"author":[{"embeddable":true,"href":"https:\/\/betsson.sport\/br\/wp-json\/wp\/v2\/users\/12"}],"replies":[{"embeddable":true,"href":"https:\/\/betsson.sport\/br\/wp-json\/wp\/v2\/comments?post=1119"}],"version-history":[{"count":0,"href":"https:\/\/betsson.sport\/br\/wp-json\/wp\/v2\/posts\/1119\/revisions"}],"wp:featuredmedia":[{"embeddable":true,"href":"https:\/\/betsson.sport\/br\/wp-json\/wp\/v2\/media\/695"}],"wp:attachment":[{"href":"https:\/\/betsson.sport\/br\/wp-json\/wp\/v2\/media?parent=1119"}],"wp:term":[{"taxonomy":"category","embeddable":true,"href":"https:\/\/betsson.sport\/br\/wp-json\/wp\/v2\/categories?post=1119"},{"taxonomy":"post_tag","embeddable":true,"href":"https:\/\/betsson.sport\/br\/wp-json\/wp\/v2\/tags?post=1119"},{"taxonomy":"country","embeddable":true,"href":"https:\/\/betsson.sport\/br\/wp-json\/wp\/v2\/country?post=1119"},{"taxonomy":"label","embeddable":true,"href":"https:\/\/betsson.sport\/br\/wp-json\/wp\/v2\/label?post=1119"}],"curies":[{"name":"wp","href":"https:\/\/api.w.org\/{rel}","templated":true}]}}