{"id":1127,"date":"2026-05-01T17:30:00","date_gmt":"2026-05-01T20:30:00","guid":{"rendered":"https:\/\/betsson.sport\/br\/?p=1127"},"modified":"2026-04-30T23:06:30","modified_gmt":"2026-05-01T02:06:30","slug":"flamengo-tem-pelo-menos-cinco-desfalques-confirmados-para-classico-contra-o-vasco","status":"publish","type":"post","link":"https:\/\/betsson.sport\/br\/noticias\/futebol\/brasileirao-serie-a\/flamengo-tem-pelo-menos-cinco-desfalques-confirmados-para-classico-contra-o-vasco\/","title":{"rendered":"Flamengo tem pelo menos cinco desfalques confirmados para cl\u00e1ssico contra o Vasco"},"content":{"rendered":"\n<p>O <strong>Flamengo<\/strong> ter\u00e1 desfalques importantes para o cl\u00e1ssico contra o <strong>Vasco da Gama<\/strong>, em partida v\u00e1lida pela 14\u00aa rodada do <strong>Campeonato Brasileiro<\/strong>, no pr\u00f3ximo domingo (3).&nbsp;<\/p>\n\n\n\n<p>O treinador <strong>Leonardo Jardim<\/strong> ter\u00e1 que pensar bem na hora de montar a equipe, que contar\u00e1 com baixas de peso para o confronto diante do rival.\u00a0<\/p>\n\n\n\n<p>Al\u00e9m de\u00a0<strong>Giorgian\u00a0de\u00a0Arrascaeta<\/strong>, que ficar\u00e1 fora de a\u00e7\u00e3o por mais de um m\u00eas ap\u00f3s se lesionar no \u00faltimo compromisso pela <strong>Libertadores<\/strong>, contra o <strong>Estudiantes<\/strong>, <a href=\"https:\/\/betsson.sport\/br\/noticias\/futebol\/libertadores\/arrascaeta-sofre-lesao-clavicula-desfalca-flamengo-preocupa-uruguai-copa\/\"><strong>e passar por uma cirurgia na clav\u00edcula<\/strong><\/a> nesta quarta-feira (30), <strong>Lucas Paquet\u00e1, Bruno Henrique e Emerson Royal <\/strong>tamb\u00e9m est\u00e3o no departamento m\u00e9dico da G\u00e1vea.\u00a0<\/p>\n\n\n\n<figure class=\"wp-block-embed is-type-video is-provider-youtube wp-block-embed-youtube\"><div class=\"wp-block-embed__wrapper\">\n<iframe loading=\"lazy\" title=\"ARRASCAETA PODE PERDER A COPA DO MUNDO POR LES\u00c3O!\" width=\"422\" height=\"750\" src=\"https:\/\/www.youtube.com\/embed\/HgKzA4xOCr8?feature=oembed\" frameborder=\"0\" allow=\"accelerometer; autoplay; clipboard-write; encrypted-media; gyroscope; picture-in-picture; web-share\" referrerpolicy=\"strict-origin-when-cross-origin\" allowfullscreen><\/iframe>\n<\/div><\/figure>\n\n\n\n<p>Assim como o uruguaio, Bruno Henrique e Emerson se machucaram durante o jogo na Argentina. Enquanto o atacante lesionou o p\u00e9 direito em uma disputa de bola no segundo tempo, o lateral-direito sofreu uma fratura no nariz e, de acordo com informe divulgado pelo clube, j\u00e1 se encontra clinicamente est\u00e1vel.&nbsp;<\/p>\n\n\n\n<p>N\u00e3o h\u00e1 d\u00favidas de que o Flamengo saiu de La Plata no preju\u00edzo, com tr\u00eas jogadores machucados e apenas um ponto conquistado no empate.&nbsp;<\/p>\n\n\n\n<p>Paquet\u00e1, por sua vez, j\u00e1 estava lesionado, com um edema na coxa esquerda, e sequer viajou para a Argentina.&nbsp;<\/p>\n\n\n\n<p>Al\u00e9m dos quatro jogadores no departamento m\u00e9dico, Leonardo Jardim ainda ter\u00e1 que lidar com a aus\u00eancia de <strong>Carrascal <\/strong>que, por determina\u00e7\u00e3o do STJD, cumpre gancho de suspens\u00f5es, deixando o time sem seus principais meias para o cl\u00e1ssico de domingo.\u00a0<\/p>\n\n\n\n<p>Para amenizar o cen\u00e1rio, o elenco rubro-negro conta com diversas op\u00e7\u00f5es de qualidade, permitindo ao treinador escalar alternativas como Nicol\u00e1s de\u00a0la\u00a0Cruz ou <strong>Sa\u00fal\u00a0\u00d1\u00edguez<\/strong>, recuar <strong>Gonzalo Plata<\/strong> ou <strong>Luiz Ara\u00fajo<\/strong>, al\u00e9m de testar novas forma\u00e7\u00f5es t\u00e1ticas para suprir as aus\u00eancias no meio-campo, como a utiliza\u00e7\u00e3o de tr\u00eas atacantes.\u00a0<\/p>\n\n\n\n<p>&nbsp;<\/p>\n","protected":false},"excerpt":{"rendered":"<p>Paquet\u00e1, Bruno Henrique e Emerson Royal est\u00e3o lesionados, enquanto Carrascal cumpre suspens\u00e3o e n\u00e3o enfrenta o Vasco pelo Brasileir\u00e3o.<\/p>\n","protected":false},"author":12,"featured_media":1128,"comment_status":"closed","ping_status":"open","sticky":false,"template":"","format":"standard","meta":{"_acf_changed":true,"footnotes":""},"categories":[7],"tags":[49,48,53,36,39],"country":[],"label":[],"class_list":["post-1127","post","type-post","status-publish","format-standard","has-post-thumbnail","hentry","category-brasileirao-serie-a","tag-brasileirao","tag-campeonato-brasileiro","tag-flamengo","tag-futebol","tag-vasco"],"acf":[],"_links":{"self":[{"href":"https:\/\/betsson.sport\/br\/wp-json\/wp\/v2\/posts\/1127","targetHints":{"allow":["GET"]}}],"collection":[{"href":"https:\/\/betsson.sport\/br\/wp-json\/wp\/v2\/posts"}],"about":[{"href":"https:\/\/betsson.sport\/br\/wp-json\/wp\/v2\/types\/post"}],"author":[{"embeddable":true,"href":"https:\/\/betsson.sport\/br\/wp-json\/wp\/v2\/users\/12"}],"replies":[{"embeddable":true,"href":"https:\/\/betsson.sport\/br\/wp-json\/wp\/v2\/comments?post=1127"}],"version-history":[{"count":0,"href":"https:\/\/betsson.sport\/br\/wp-json\/wp\/v2\/posts\/1127\/revisions"}],"wp:featuredmedia":[{"embeddable":true,"href":"https:\/\/betsson.sport\/br\/wp-json\/wp\/v2\/media\/1128"}],"wp:attachment":[{"href":"https:\/\/betsson.sport\/br\/wp-json\/wp\/v2\/media?parent=1127"}],"wp:term":[{"taxonomy":"category","embeddable":true,"href":"https:\/\/betsson.sport\/br\/wp-json\/wp\/v2\/categories?post=1127"},{"taxonomy":"post_tag","embeddable":true,"href":"https:\/\/betsson.sport\/br\/wp-json\/wp\/v2\/tags?post=1127"},{"taxonomy":"country","embeddable":true,"href":"https:\/\/betsson.sport\/br\/wp-json\/wp\/v2\/country?post=1127"},{"taxonomy":"label","embeddable":true,"href":"https:\/\/betsson.sport\/br\/wp-json\/wp\/v2\/label?post=1127"}],"curies":[{"name":"wp","href":"https:\/\/api.w.org\/{rel}","templated":true}]}}