{"id":1131,"date":"2026-04-30T17:30:00","date_gmt":"2026-04-30T20:30:00","guid":{"rendered":"https:\/\/betsson.sport\/br\/?p=1131"},"modified":"2026-04-30T21:16:45","modified_gmt":"2026-05-01T00:16:45","slug":"libertadores-conmebol-toma-atitude-apos-cerro-encurtar-gramado-contra-palmeiras","status":"publish","type":"post","link":"https:\/\/betsson.sport\/br\/noticias\/futebol\/libertadores\/libertadores-conmebol-toma-atitude-apos-cerro-encurtar-gramado-contra-palmeiras\/","title":{"rendered":"CONMEBOL toma atitude ap\u00f3s Cerro Porte\u00f1o encurtar gramado contra o Palmeiras na Libertadores"},"content":{"rendered":"\n<p>A CONMEBOL tomou uma medida ap\u00f3s o <strong>Cerro Porte\u00f1o<\/strong> diminuir as dimens\u00f5es do gramado do est\u00e1dio Nueva Olla para enfrentar o <strong>Palmeiras<\/strong>. <a href=\"https:\/\/betsson.sport\/br\/noticias\/futebol\/libertadores\/palmeiras-leva-empate-cerro-porteno-cai-segundo-grupo-libertadores\/\"><strong>A partida terminou em 1 a 1<\/strong><\/a> na \u00faltima quarta-feira (29).<\/p>\n\n\n\n<p>Em comunicado enviando \u00e0s confedera\u00e7\u00f5es dos times que disputam a <strong>Libertadores <\/strong>e a <strong>Sul-Americana<\/strong>, a entidade definiu um protocolo referente \u00e0s medidas dos gramados para padronizar os tamanhos at\u00e9 o final de ambas.<\/p>\n\n\n\n<p>Antes da quarta rodada da fase de grupos dos dois torneios, os clubes dever\u00e3o enviar oficialmente e confirmar as dimens\u00f5es de seus campos, que ser\u00e3o mantidas at\u00e9 as fases finais.<\/p>\n\n\n\n<figure class=\"wp-block-embed is-type-video is-provider-youtube wp-block-embed-youtube\"><div class=\"wp-block-embed__wrapper\">\n<iframe loading=\"lazy\" title=\"ABEL: &quot;O PALMEIRAS NORMALIZOU FAZER MELHOR CAMPANHA&quot;\" width=\"422\" height=\"750\" src=\"https:\/\/www.youtube.com\/embed\/4HcBCmcXlFI?feature=oembed\" frameborder=\"0\" allow=\"accelerometer; autoplay; clipboard-write; encrypted-media; gyroscope; picture-in-picture; web-share\" referrerpolicy=\"strict-origin-when-cross-origin\" allowfullscreen><\/iframe>\n<\/div><\/figure>\n\n\n\n<p>O prazo limite para o envio da circular \u00e9 a pr\u00f3xima segunda-feira (4), \u00e0s 14h (hor\u00e1rio de Assun\u00e7\u00e3o, capital do Paraguai).<\/p>\n\n\n\n<p>Para a Libertadores, a entidade recomenda que as dimens\u00f5es do campo sejam de <strong>105m x 68m<\/strong>, tendo m\u00ednimo de <strong>100m x 64m<\/strong> e m\u00e1ximo de <strong>110m x 75m<\/strong>.<\/p>\n\n\n\n<p>Na partida contra o Palmeiras, o Cerro Porte\u00f1o encurtou a largura para 64 metros, mantendo o comprimento, mas sem comunica\u00e7\u00e3o pr\u00e9via, o que gerou reclama\u00e7\u00e3o por parte do clube paulista.<\/p>\n\n\n\n<p>\"Primeira vez na vida que vi algo assim. Sabes em que s\u00e9culo estamos? N\u00e3o tenho nada mais para dizer\", disse Abel Ferreira ao ser questionado sobre o gramado em coletiva.<\/p>\n","protected":false},"excerpt":{"rendered":"<p>Entidade enviou o comunicado \u00e0s federa\u00e7\u00f5es nesta quinta-feira (30).<\/p>\n","protected":false},"author":12,"featured_media":1134,"comment_status":"closed","ping_status":"open","sticky":false,"template":"","format":"standard","meta":{"_acf_changed":true,"footnotes":""},"categories":[10],"tags":[369,36,54,66],"country":[],"label":[],"class_list":["post-1131","post","type-post","status-publish","format-standard","has-post-thumbnail","hentry","category-libertadores","tag-cerro-porteno","tag-futebol","tag-libertadores","tag-palmeiras"],"acf":[],"_links":{"self":[{"href":"https:\/\/betsson.sport\/br\/wp-json\/wp\/v2\/posts\/1131","targetHints":{"allow":["GET"]}}],"collection":[{"href":"https:\/\/betsson.sport\/br\/wp-json\/wp\/v2\/posts"}],"about":[{"href":"https:\/\/betsson.sport\/br\/wp-json\/wp\/v2\/types\/post"}],"author":[{"embeddable":true,"href":"https:\/\/betsson.sport\/br\/wp-json\/wp\/v2\/users\/12"}],"replies":[{"embeddable":true,"href":"https:\/\/betsson.sport\/br\/wp-json\/wp\/v2\/comments?post=1131"}],"version-history":[{"count":0,"href":"https:\/\/betsson.sport\/br\/wp-json\/wp\/v2\/posts\/1131\/revisions"}],"wp:featuredmedia":[{"embeddable":true,"href":"https:\/\/betsson.sport\/br\/wp-json\/wp\/v2\/media\/1134"}],"wp:attachment":[{"href":"https:\/\/betsson.sport\/br\/wp-json\/wp\/v2\/media?parent=1131"}],"wp:term":[{"taxonomy":"category","embeddable":true,"href":"https:\/\/betsson.sport\/br\/wp-json\/wp\/v2\/categories?post=1131"},{"taxonomy":"post_tag","embeddable":true,"href":"https:\/\/betsson.sport\/br\/wp-json\/wp\/v2\/tags?post=1131"},{"taxonomy":"country","embeddable":true,"href":"https:\/\/betsson.sport\/br\/wp-json\/wp\/v2\/country?post=1131"},{"taxonomy":"label","embeddable":true,"href":"https:\/\/betsson.sport\/br\/wp-json\/wp\/v2\/label?post=1131"}],"curies":[{"name":"wp","href":"https:\/\/api.w.org\/{rel}","templated":true}]}}