{"id":270,"date":"2026-03-25T16:45:32","date_gmt":"2026-03-25T19:45:32","guid":{"rendered":"https:\/\/betsson.sport\/br\/?p=270"},"modified":"2026-03-27T12:37:59","modified_gmt":"2026-03-27T15:37:59","slug":"selecao-brasileira-rivaldo-elogia-ambiente-confianca-copa","status":"publish","type":"post","link":"https:\/\/betsson.sport\/br\/noticias\/futebol\/selecao-brasileira-rivaldo-elogia-ambiente-confianca-copa\/","title":{"rendered":"Rivaldo elogia ambiente da Sele\u00e7\u00e3o Brasileira e mostra confian\u00e7a para Copa"},"content":{"rendered":"\n<p>A <strong>Sele\u00e7\u00e3o Brasileira<\/strong> enfrenta <strong>Fran\u00e7a <\/strong>e <strong>Cro\u00e1cia <\/strong>na pen\u00faltima sequ\u00eancia de amistosos antes de iniciar a trajet\u00f3ria na <strong>Copa do Mundo de 2026<\/strong>. Na prepara\u00e7\u00e3o nos Estados Unidos, o elenco recebeu a visita de um campe\u00e3o mundial: <strong>Rivaldo<\/strong>.<\/p>\n\n\n\n<p>O craque, que venceu a edi\u00e7\u00e3o de 2002 e que corou a Amarelinha com o penta, falou com exclusividade \u00e0 <em>CBF TV<\/em> sobre o convite recebido e a import\u00e2ncia da troca com o atual elenco, que ainda n\u00e3o est\u00e1 fechado para a disputa do Mundial.<\/p>\n\n\n\n<p>\"Muito legal, fui convidado pelo Rodrigo Caetano para ver o treinamento, mata a saudade, vejo os jogadores. Dar um oi para o <strong>Ancelotti<\/strong>, que foi meu treinador no Milan. Muito gostoso o ambiente que est\u00e1 a Sele\u00e7\u00e3o Brasileira\", come\u00e7ou por afirmar.<\/p>\n\n\n\n<p>\"Fico feliz pelo presidente trazer os campe\u00f5es do mundo. Os jogadores de agora podem estar com os campe\u00f5es do mundo, isso motiva mais ainda. Sempre \u00e9 bom trazer os pensamentos positivos, conversar com quem vai disputar a pr\u00f3xima Copa do Mundo\", completou.<\/p>\n\n\n\n<figure class=\"wp-block-embed is-type-video is-provider-youtube wp-block-embed-youtube\"><div class=\"wp-block-embed__wrapper\">\n<iframe loading=\"lazy\" title=\"RIVALDO VISITA TREINO DA SELE\u00c7\u00c3O\" width=\"422\" height=\"750\" src=\"https:\/\/www.youtube.com\/embed\/9n28GVPscE4?feature=oembed\" frameborder=\"0\" allow=\"accelerometer; autoplay; clipboard-write; encrypted-media; gyroscope; picture-in-picture; web-share\" referrerpolicy=\"strict-origin-when-cross-origin\" allowfullscreen><\/iframe>\n<\/div><\/figure>\n\n\n\n<p>Rivaldo tamb\u00e9m palpitou sobre a confian\u00e7a para a Copa. Para o craque, Ancelotti ter\u00e1 duas boas apresenta\u00e7\u00f5es diante dos rivais europeus e ser\u00e1 um grande teste para elevar a moral de todos os envolvidos.<\/p>\n\n\n\n<p>\"<strong>Estou bem confiante pelo trabalho do treinador<\/strong>. S\u00e3o dois amistosos agora, nada melhor que duas boas apresenta\u00e7\u00f5es para dar confian\u00e7a para os torcedores, aos pr\u00f3prios jogadores e \u00e0 comiss\u00e3o t\u00e9cnica. Acredito que ser\u00e3o dois bons jogos.\"<\/p>\n\n\n\n<p>O Brasil encara a Fran\u00e7a, nesta quinta-feira (26), \u00e0s 17h (de Bras\u00edlia), em Boston. Na sequ\u00eancia, encara a\u00a0Cro\u00e1cia, na ter\u00e7a (31), \u00e0s 21h (de Bras\u00edlia), em Orlando.<\/p>\n\n\n\n<p><a href=\"https:\/\/betsson.sport\/br\/author\/bsport\/\" class=\"\"><\/a><\/p>\n","protected":false},"excerpt":{"rendered":"<p>Em entrevista \u00e0 CBF TV, craque, campe\u00e3o do mundo em 2002, falou sobre encontrar os atuais jogadores brasileiros e a troca com o elenco.<\/p>\n","protected":false},"author":12,"featured_media":271,"comment_status":"closed","ping_status":"open","sticky":false,"template":"","format":"standard","meta":{"_acf_changed":true,"footnotes":""},"categories":[6],"tags":[34,44,36,46,31],"country":[],"label":[],"class_list":["post-270","post","type-post","status-publish","format-standard","has-post-thumbnail","hentry","category-futebol","tag-brasil","tag-copa-do-mundo","tag-futebol","tag-rivaldo","tag-selecao-brasileira"],"acf":[],"_links":{"self":[{"href":"https:\/\/betsson.sport\/br\/wp-json\/wp\/v2\/posts\/270","targetHints":{"allow":["GET"]}}],"collection":[{"href":"https:\/\/betsson.sport\/br\/wp-json\/wp\/v2\/posts"}],"about":[{"href":"https:\/\/betsson.sport\/br\/wp-json\/wp\/v2\/types\/post"}],"author":[{"embeddable":true,"href":"https:\/\/betsson.sport\/br\/wp-json\/wp\/v2\/users\/12"}],"replies":[{"embeddable":true,"href":"https:\/\/betsson.sport\/br\/wp-json\/wp\/v2\/comments?post=270"}],"version-history":[{"count":0,"href":"https:\/\/betsson.sport\/br\/wp-json\/wp\/v2\/posts\/270\/revisions"}],"wp:featuredmedia":[{"embeddable":true,"href":"https:\/\/betsson.sport\/br\/wp-json\/wp\/v2\/media\/271"}],"wp:attachment":[{"href":"https:\/\/betsson.sport\/br\/wp-json\/wp\/v2\/media?parent=270"}],"wp:term":[{"taxonomy":"category","embeddable":true,"href":"https:\/\/betsson.sport\/br\/wp-json\/wp\/v2\/categories?post=270"},{"taxonomy":"post_tag","embeddable":true,"href":"https:\/\/betsson.sport\/br\/wp-json\/wp\/v2\/tags?post=270"},{"taxonomy":"country","embeddable":true,"href":"https:\/\/betsson.sport\/br\/wp-json\/wp\/v2\/country?post=270"},{"taxonomy":"label","embeddable":true,"href":"https:\/\/betsson.sport\/br\/wp-json\/wp\/v2\/label?post=270"}],"curies":[{"name":"wp","href":"https:\/\/api.w.org\/{rel}","templated":true}]}}