{"id":320,"date":"2026-03-27T15:32:21","date_gmt":"2026-03-27T18:32:21","guid":{"rendered":"https:\/\/betsson.sport\/br\/?p=320"},"modified":"2026-03-27T15:32:23","modified_gmt":"2026-03-27T18:32:23","slug":"selecao-brasileira-raphinha-e-wesley-sao-desconvocados-por-lesao","status":"publish","type":"post","link":"https:\/\/betsson.sport\/br\/noticias\/futebol\/selecao-brasileira-raphinha-e-wesley-sao-desconvocados-por-lesao\/","title":{"rendered":"Sele\u00e7\u00e3o Brasileira: Raphinha e Wesley s\u00e3o desconvocados por les\u00e3o"},"content":{"rendered":"\n<p>Substitu\u00eddos na partida da <strong>Sele\u00e7\u00e3o Brasileira<\/strong> contra a <strong>Fran\u00e7a<\/strong>, na <a href=\"https:\/\/betsson.sport\/br\/noticias\/futebol\/mbappe-marca-franca-vence-brasil-amistoso\/\" data-type=\"link\" data-id=\"https:\/\/betsson.sport\/br\/noticias\/futebol\/mbappe-marca-franca-vence-brasil-amistoso\/\"><strong>derrota por 2 a 1<\/strong><\/a> em amistoso na \u00faltima quinta-feira (26), em Boston, nos Estados Unidos, <strong>Raphinha <\/strong>e <strong>Wesley <\/strong>est\u00e3o cortados da partida contra a <strong>Cro\u00e1cia<\/strong>, na pr\u00f3xima ter\u00e7a (31), \u00e0s 21h (de Bras\u00edlia), em Orlando.<\/p>\n\n\n\n<p>Em comunicado emitido nesta sexta (27), a Confedera\u00e7\u00e3o Brasileira de Futebol (CBF), confirmou a desconvoca\u00e7\u00e3o da dupla, que teve les\u00e3o muscular detectada, e foi liberada para seguir tratamento em seus respectivos clubes.<\/p>\n\n\n\n<p>Ainda de acordo com o documento, nenhum atleta ser\u00e1 chamado para integrar os lugares deixados por Raphinha e Wesley.<\/p>\n\n\n\n<figure class=\"wp-block-embed is-type-video is-provider-youtube wp-block-embed-youtube\"><div class=\"wp-block-embed__wrapper\">\n<iframe loading=\"lazy\" title=\"RAPHINHA PODE SER CORTADO DA SELE\u00c7\u00c3O!\" width=\"422\" height=\"750\" src=\"https:\/\/www.youtube.com\/embed\/HiG-1Dbf-1Y?feature=oembed\" frameborder=\"0\" allow=\"accelerometer; autoplay; clipboard-write; encrypted-media; gyroscope; picture-in-picture; web-share\" referrerpolicy=\"strict-origin-when-cross-origin\" allowfullscreen><\/iframe>\n<\/div><\/figure>\n\n\n\n<p><strong>Veja abaixo o comunicado:<\/strong><\/p>\n\n\n\n<p><em>Os atletas Raphinha e Wesley foram desconvocados nesta sexta-feira (27) pelo t\u00e9cnico Carlo Ancelotti.<\/em><\/p>\n\n\n\n<p><em>Ambos sentiram dores na regi\u00e3o posterior da coxa direita durante a partida contra a Fran\u00e7a.<\/em><\/p>\n\n\n\n<p><em>Nesta sexta, os atletas realizaram exames de imagem que confirmaram les\u00f5es musculares.<\/em><\/p>\n\n\n\n<p><em>Os jogadores est\u00e3o liberados para seguirem o tratamento. N\u00e3o ser\u00e3o chamados outros atletas para substitu\u00ed-los.<\/em><\/p>\n","protected":false},"excerpt":{"rendered":"<p>Exames apontam les\u00f5es musculares, e dupla est\u00e1 fora da partida contra a Cro\u00e1cia na pr\u00f3xima ter\u00e7a-feira (31).<\/p>\n","protected":false},"author":12,"featured_media":321,"comment_status":"closed","ping_status":"open","sticky":false,"template":"","format":"standard","meta":{"_acf_changed":true,"footnotes":""},"categories":[6],"tags":[34,36,76,74,31,75],"country":[],"label":[],"class_list":["post-320","post","type-post","status-publish","format-standard","has-post-thumbnail","hentry","category-futebol","tag-brasil","tag-futebol","tag-lesao","tag-raphinha","tag-selecao-brasileira","tag-wesley"],"acf":[],"_links":{"self":[{"href":"https:\/\/betsson.sport\/br\/wp-json\/wp\/v2\/posts\/320","targetHints":{"allow":["GET"]}}],"collection":[{"href":"https:\/\/betsson.sport\/br\/wp-json\/wp\/v2\/posts"}],"about":[{"href":"https:\/\/betsson.sport\/br\/wp-json\/wp\/v2\/types\/post"}],"author":[{"embeddable":true,"href":"https:\/\/betsson.sport\/br\/wp-json\/wp\/v2\/users\/12"}],"replies":[{"embeddable":true,"href":"https:\/\/betsson.sport\/br\/wp-json\/wp\/v2\/comments?post=320"}],"version-history":[{"count":0,"href":"https:\/\/betsson.sport\/br\/wp-json\/wp\/v2\/posts\/320\/revisions"}],"wp:featuredmedia":[{"embeddable":true,"href":"https:\/\/betsson.sport\/br\/wp-json\/wp\/v2\/media\/321"}],"wp:attachment":[{"href":"https:\/\/betsson.sport\/br\/wp-json\/wp\/v2\/media?parent=320"}],"wp:term":[{"taxonomy":"category","embeddable":true,"href":"https:\/\/betsson.sport\/br\/wp-json\/wp\/v2\/categories?post=320"},{"taxonomy":"post_tag","embeddable":true,"href":"https:\/\/betsson.sport\/br\/wp-json\/wp\/v2\/tags?post=320"},{"taxonomy":"country","embeddable":true,"href":"https:\/\/betsson.sport\/br\/wp-json\/wp\/v2\/country?post=320"},{"taxonomy":"label","embeddable":true,"href":"https:\/\/betsson.sport\/br\/wp-json\/wp\/v2\/label?post=320"}],"curies":[{"name":"wp","href":"https:\/\/api.w.org\/{rel}","templated":true}]}}