{"id":339,"date":"2026-03-29T12:00:00","date_gmt":"2026-03-29T15:00:00","guid":{"rendered":"https:\/\/betsson.sport\/br\/?p=339"},"modified":"2026-03-30T10:36:12","modified_gmt":"2026-03-30T13:36:12","slug":"selecao-brasileira-vitor-reis-despertar-sonho-tres-da-manha","status":"publish","type":"post","link":"https:\/\/betsson.sport\/br\/noticias\/futebol\/selecao-brasileira-vitor-reis-despertar-sonho-tres-da-manha\/","title":{"rendered":"Vitor Reis na Sele\u00e7\u00e3o Brasileira: o despertar de um sonho \u00e0s tr\u00eas da manh\u00e3"},"content":{"rendered":"\n<p>Imagine ser despertado com a not\u00edcia de que voc\u00ea foi convocado para representar a sele\u00e7\u00e3o do seu pa\u00eds. Parece cena de filme, mas foi exatamente o que aconteceu com <strong>Vitor Reis<\/strong>, <a href=\"https:\/\/betsson.sport\/br\/noticias\/futebol\/rascunho-automatico\/\" data-type=\"link\" data-id=\"https:\/\/betsson.sport\/br\/noticias\/futebol\/rascunho-automatico\/\"><strong>convocado para defender o Brasil  no amistoso contra a Cro\u00e1cia<\/strong><\/a>, o \u00faltimo antes da <strong>Copa do Mundo<\/strong>. Eram quase tr\u00eas horas da manh\u00e3 na Espanha quando o telefone tocou para mudar a vida do zagueiro de 20 anos, convocado pela primeira vez \u00e0 sele\u00e7\u00e3o principal.<\/p>\n\n\n\n<p>Do outro lado da linha, o diretor de sele\u00e7\u00f5es da CBF, <strong>Rodrigo Caetano<\/strong>, com uma miss\u00e3o e tanto: acordar o jovem e j\u00e1 dar o recado completo. <strong>Carlo Ancelotti<\/strong> queria o defensor do <strong>Girona <\/strong>na Sele\u00e7\u00e3o Brasileira para o amistoso contra a Cro\u00e1cia, na pr\u00f3xima ter\u00e7a-feira (31), em Orlando. Sem tempo para celebrar com calma, a not\u00edcia j\u00e1 vinha embalada com urg\u00eancia.<\/p>\n\n\n\n<p>\"Recebi uma liga\u00e7\u00e3o do Rodrigo Caetano, \u00e0s 3h da manh\u00e3, com ele j\u00e1 dizendo que eu precisava embarcar hoje cedo para Orlando e me apresentar para a sele\u00e7\u00e3o brasileira. E que eu j\u00e1 teria que me apresentar \u00e0s 10h\", contou Vitor Reis.<\/p>\n\n\n\n<blockquote class=\"twitter-tweet\"><p lang=\"pt\" dir=\"ltr\">O t\u00e9cnico Carlo Ancelotti convocou nesta quinta-feira (26) o zagueiro Vitor Reis, que atua pelo Girona, da Espanha, para o amistoso com a Cro\u00e1cia, na pr\u00f3xima ter\u00e7a (31), em Orlando.<br><br>Campe\u00e3o pela Sele\u00e7\u00e3o Brasileira no Sul-Americano Sub-17 de 2023, Vitor Reis tem 20 anos e \u00e9 um\u2026 <a href=\"https:\/\/t.co\/nzqf3GzrHI\">pic.twitter.com\/nzqf3GzrHI<\/a><\/p>&mdash; brasil (@CBF_Futebol) <a href=\"https:\/\/twitter.com\/CBF_Futebol\/status\/2037345394099888190?ref_src=twsrc%5Etfw\" target=\"_blank\" rel=\"noopener\">March 27, 2026<\/a><\/blockquote> <script async src=\"https:\/\/platform.twitter.com\/widgets.js\" charset=\"utf-8\"><\/script>\n\n\n\n<p>A trajet\u00f3ria que levou a esse telefonema noturno \u00e9 t\u00e3o impressionante quanto ele. Revelado pelo <strong>Palmeiras<\/strong>, o zagueiro chamou tanto a aten\u00e7\u00e3o do futebol europeu que o <strong>Manchester City<\/strong> desembolsou <strong>37 milh\u00f5es de euros <\/strong>(cerca de <strong>R$ 230 milh\u00f5es<\/strong> \u00e0 \u00e9poca) para contrat\u00e1-lo em janeiro de 2025. Cedido ao Girona por empr\u00e9stimo, ele disputou 27 jogos em <strong>LALIGA <\/strong>nesta temporada, saindo de campo antes dos 90 minutos em apenas dois deles. Uma regularidade que fala por si s\u00f3.<\/p>\n\n\n\n<p>A convoca\u00e7\u00e3o tamb\u00e9m teve o peso das circunst\u00e2ncias. Com<strong> Gabriel Magalh\u00e3es<\/strong> fora por les\u00e3o no joelho e <strong>Marquinhos<\/strong> ainda incerto para o jogo, Ancelotti foi buscar o jovem promissor do Girona. Campe\u00e3o sul-americano Sub-17 em 2023 com a Amarelinha, Vitor Reis d\u00e1 agora o salto para a sele\u00e7\u00e3o principal. N\u00e3o \u00e9 comum que um jovem de 20 anos receba essa chance em posi\u00e7\u00e3o t\u00e3o exigente. Mas Vitor Reis n\u00e3o \u00e9 um jovem comum.<\/p>\n\n\n\n<p>O confronto contra a Cro\u00e1cia n\u00e3o \u00e9 um amistoso qualquer: trata-se do \u00faltimo teste da Sele\u00e7\u00e3o Brasileira antes da convoca\u00e7\u00e3o definitiva para o Mundial de 2026. A partida acontece na pr\u00f3xima ter\u00e7a-feira (31), \u00e0s 21h no hor\u00e1rio de Bras\u00edlia, no Exploria Stadium, em Orlando, nos Estados Unidos.<\/p>\n\n\n\n<p>&nbsp;<\/p>\n","protected":false},"excerpt":{"rendered":"<p>Zagueiro do Girona foi acordado \u00e0s 3h da manh\u00e3 para ser convocado ao \u00faltimo amistoso do Brasil antes da Copa do Mundo.<\/p>\n","protected":false},"author":12,"featured_media":346,"comment_status":"closed","ping_status":"open","sticky":true,"template":"","format":"standard","meta":{"_acf_changed":true,"footnotes":""},"categories":[6],"tags":[],"country":[],"label":[],"class_list":["post-339","post","type-post","status-publish","format-standard","has-post-thumbnail","hentry","category-futebol"],"acf":[],"_links":{"self":[{"href":"https:\/\/betsson.sport\/br\/wp-json\/wp\/v2\/posts\/339","targetHints":{"allow":["GET"]}}],"collection":[{"href":"https:\/\/betsson.sport\/br\/wp-json\/wp\/v2\/posts"}],"about":[{"href":"https:\/\/betsson.sport\/br\/wp-json\/wp\/v2\/types\/post"}],"author":[{"embeddable":true,"href":"https:\/\/betsson.sport\/br\/wp-json\/wp\/v2\/users\/12"}],"replies":[{"embeddable":true,"href":"https:\/\/betsson.sport\/br\/wp-json\/wp\/v2\/comments?post=339"}],"version-history":[{"count":0,"href":"https:\/\/betsson.sport\/br\/wp-json\/wp\/v2\/posts\/339\/revisions"}],"wp:featuredmedia":[{"embeddable":true,"href":"https:\/\/betsson.sport\/br\/wp-json\/wp\/v2\/media\/346"}],"wp:attachment":[{"href":"https:\/\/betsson.sport\/br\/wp-json\/wp\/v2\/media?parent=339"}],"wp:term":[{"taxonomy":"category","embeddable":true,"href":"https:\/\/betsson.sport\/br\/wp-json\/wp\/v2\/categories?post=339"},{"taxonomy":"post_tag","embeddable":true,"href":"https:\/\/betsson.sport\/br\/wp-json\/wp\/v2\/tags?post=339"},{"taxonomy":"country","embeddable":true,"href":"https:\/\/betsson.sport\/br\/wp-json\/wp\/v2\/country?post=339"},{"taxonomy":"label","embeddable":true,"href":"https:\/\/betsson.sport\/br\/wp-json\/wp\/v2\/label?post=339"}],"curies":[{"name":"wp","href":"https:\/\/api.w.org\/{rel}","templated":true}]}}