{"id":552,"date":"2026-04-05T15:45:00","date_gmt":"2026-04-05T18:45:00","guid":{"rendered":"https:\/\/betsson.sport\/br\/?p=552"},"modified":"2026-04-05T19:35:42","modified_gmt":"2026-04-05T22:35:42","slug":"palmeiras-desafios-diante-bahia-para-disparar-ainda-mais-lideranca-brasileirao","status":"publish","type":"post","link":"https:\/\/betsson.sport\/br\/noticias\/futebol\/brasileirao-serie-a\/palmeiras-desafios-diante-bahia-para-disparar-ainda-mais-lideranca-brasileirao\/","title":{"rendered":"Os desafios do Palmeiras diante do Bahia para disparar ainda mais na lideran\u00e7a do Brasileir\u00e3o"},"content":{"rendered":"\n<p>O <strong>Palmeiras<\/strong> embarcou para Salvador com dois desfalques j\u00e1 esperados.<strong> Vitor Roque e Paulinho<\/strong> fizeram a viagem, mas n\u00e3o ser\u00e3o relacionados para o duelo contra o <strong>Bahia<\/strong>, neste domingo, \u00e0s 19h30, na Arena Fonte Nova, pela d\u00e9cima rodada do <strong>Brasileir\u00e3o<\/strong>.<\/p>\n\n\n\n<p>A decis\u00e3o de lev\u00e1-los tem prop\u00f3sito claro: reintegr\u00e1-los \u00e0 rotina do grupo, mesmo que ainda sem condi\u00e7\u00f5es de entrar em campo.<\/p>\n\n\n\n<p>O caso mais sens\u00edvel \u00e9 o de Vitor Roque. O Tigrinho convive com dores no tornozelo desde a semifinal do <strong>Paulist\u00e3o <\/strong>diante do <strong>S\u00e3o Paulo<\/strong>. Mesmo sem estar 100%, encarou as finais do Estadual no limite, o que freou o processo de recupera\u00e7\u00e3o. Nas rodadas seguintes, acumulou novas pancadas ao entrar no segundo tempo, prolongando o problema.<\/p>\n\n\n\n<p>O jovem atacante tamb\u00e9m \u00e9 inc\u00f3gnita para a estreia do Verd\u00e3o na <strong>Libertadores<\/strong>, contra o <strong>Junior Barranquilla<\/strong>. O retorno mais prov\u00e1vel deve acontecer apenas no cl\u00e1ssico contra o <strong>Corinthians<\/strong>, na Neo Qu\u00edmica Arena, no pr\u00f3ximo fim de semana.<\/p>\n\n\n\n<p>Paulinho carrega um per\u00edodo ainda mais longo fora dos gramados. Ausente desde agosto do ano passado ap\u00f3s cirurgia na perna direita, o centroavante avan\u00e7a em fase de transi\u00e7\u00e3o f\u00edsica, mas segue sem data definida para voltar.<\/p>\n\n\n\n<p>Piquerez e Jeft\u00e9 completam a lista de aus\u00eancias. Ambos ficaram em S\u00e3o Paulo, entregues ao departamento m\u00e9dico \u2014 o uruguaio com les\u00e3o no tornozelo, o brasileiro com problema na coxa.<\/p>\n\n\n\n<p>Para montar o time diante do Bahia, Abel Ferreira deve apostar em: <strong>Carlos Miguel; Giay, Gustavo G\u00f3mez, Murilo e Arthur; Marlon Freitas, Andreas Pereira, Maur\u00edcio, Allan e Jhon Arias; Flaco L\u00f3pez<\/strong>.<\/p>\n\n\n\n<p>O confronto em Salvador \u00e9 mais um cap\u00edtulo de uma sequ\u00eancia exigente para o Verd\u00e3o, que lidera o Brasileir\u00e3o com <strong>22 <\/strong>pontos e ainda ter\u00e1 a estreia na Libertadores, na pr\u00f3xima quarta-feira, 8, \u00e0s 21h30, contra o Junior, em Barranquilla, Col\u00f4mbia.<\/p>\n","protected":false},"excerpt":{"rendered":"<p>O Verd\u00e3o joga hoje com o Bahia, tamb\u00e9m visando a estreia na Libertadores, na quarta-feira.<\/p>\n","protected":false},"author":12,"featured_media":553,"comment_status":"closed","ping_status":"open","sticky":false,"template":"","format":"standard","meta":{"_acf_changed":true,"footnotes":""},"categories":[7],"tags":[49,48,36,66],"country":[],"label":[],"class_list":["post-552","post","type-post","status-publish","format-standard","has-post-thumbnail","hentry","category-brasileirao-serie-a","tag-brasileirao","tag-campeonato-brasileiro","tag-futebol","tag-palmeiras"],"acf":[],"_links":{"self":[{"href":"https:\/\/betsson.sport\/br\/wp-json\/wp\/v2\/posts\/552","targetHints":{"allow":["GET"]}}],"collection":[{"href":"https:\/\/betsson.sport\/br\/wp-json\/wp\/v2\/posts"}],"about":[{"href":"https:\/\/betsson.sport\/br\/wp-json\/wp\/v2\/types\/post"}],"author":[{"embeddable":true,"href":"https:\/\/betsson.sport\/br\/wp-json\/wp\/v2\/users\/12"}],"replies":[{"embeddable":true,"href":"https:\/\/betsson.sport\/br\/wp-json\/wp\/v2\/comments?post=552"}],"version-history":[{"count":0,"href":"https:\/\/betsson.sport\/br\/wp-json\/wp\/v2\/posts\/552\/revisions"}],"wp:featuredmedia":[{"embeddable":true,"href":"https:\/\/betsson.sport\/br\/wp-json\/wp\/v2\/media\/553"}],"wp:attachment":[{"href":"https:\/\/betsson.sport\/br\/wp-json\/wp\/v2\/media?parent=552"}],"wp:term":[{"taxonomy":"category","embeddable":true,"href":"https:\/\/betsson.sport\/br\/wp-json\/wp\/v2\/categories?post=552"},{"taxonomy":"post_tag","embeddable":true,"href":"https:\/\/betsson.sport\/br\/wp-json\/wp\/v2\/tags?post=552"},{"taxonomy":"country","embeddable":true,"href":"https:\/\/betsson.sport\/br\/wp-json\/wp\/v2\/country?post=552"},{"taxonomy":"label","embeddable":true,"href":"https:\/\/betsson.sport\/br\/wp-json\/wp\/v2\/label?post=552"}],"curies":[{"name":"wp","href":"https:\/\/api.w.org\/{rel}","templated":true}]}}