{"id":555,"date":"2026-04-05T16:32:22","date_gmt":"2026-04-05T19:32:22","guid":{"rendered":"https:\/\/betsson.sport\/br\/?p=555"},"modified":"2026-04-05T19:09:21","modified_gmt":"2026-04-05T22:09:21","slug":"fluminense-tem-gol-anulado-contra-o-coritiba-e-zubeldia-se-revolta-com-arbitragem-veja","status":"publish","type":"post","link":"https:\/\/betsson.sport\/br\/noticias\/futebol\/brasileirao-serie-a\/fluminense-tem-gol-anulado-contra-o-coritiba-e-zubeldia-se-revolta-com-arbitragem-veja\/","title":{"rendered":"Fluminense tem gol anulado contra o Coritiba, e Zubeld\u00eda se revolta com arbitragem; veja"},"content":{"rendered":"\n<p>A diretoria do <strong>Fluminense<\/strong> far\u00e1 uma representa\u00e7\u00e3o junto \u00e0 Confedera\u00e7\u00e3o Brasileira de Futebol (CBF) por conta de um gol de <strong>Kevin Serna<\/strong> anulado pelo \u00e1rbitro Rafael Rodrigo Klein, do Rio Grande do Sul, na partida de ontem&nbsp;contra o<strong>&nbsp;Coritiba<\/strong>, no est\u00e1dio Couto Pereira, pelo <strong>Brasileir\u00e3o<\/strong>.&nbsp;<\/p>\n\n\n\n<p>Ap\u00f3s o Tricolor carioca controlar as a\u00e7\u00f5es ofensivas nos primeiros quinze minutos de jogo, o lance em quest\u00e3o ocorreu aos dezesseis.&nbsp;<\/p>\n\n\n\n<p>Em cobran\u00e7a de escanteio pela direita, a zaga do Coxa desviou a bola, que acabou sobrando nos p\u00e9s de Kevin Serna. Vivendo excelente fase, o colombiano n\u00e3o desperdi\u00e7ou e bateu bonito de perna direita, acertando o \u00e2ngulo, sem chances para o goleiro Pedro Rangel.&nbsp;<\/p>\n\n\n\n<figure class=\"wp-block-embed is-type-video is-provider-youtube wp-block-embed-youtube\"><div class=\"wp-block-embed__wrapper\">\n<iframe loading=\"lazy\" title=\"ZUBELD\u00cdA FICA REVOLTADO COM GOL ANULADO DO FLUMINENSE!\" width=\"422\" height=\"750\" src=\"https:\/\/www.youtube.com\/embed\/jArrgDTXG_w?feature=oembed\" frameborder=\"0\" allow=\"accelerometer; autoplay; clipboard-write; encrypted-media; gyroscope; picture-in-picture; web-share\" referrerpolicy=\"strict-origin-when-cross-origin\" allowfullscreen><\/iframe>\n<\/div><\/figure>\n\n\n\n<p>Um gola\u00e7o, que foi anulado na sequ\u00eancia quando Rafael Klein foi chamado pelo VAR ao monitor para revisar um poss\u00edvel empurr\u00e3o de Castillo na \u00e1rea. O \u00e1rbitro identificou falta do centroavante argentino em Sebasti\u00e1n G\u00f3mez na disputa por espa\u00e7o, fora do lance principal, e marcou falta de ataque, invalidando o gol.&nbsp;<\/p>\n\n\n\n<p>Com a anula\u00e7\u00e3o, o&nbsp;Flu&nbsp;viu seu desempenho cair nos minutos seguintes e sofreu o gol do&nbsp;Coritiba&nbsp;aos 29 minutos do segundo tempo. O empate veio sete minutos depois, com John Kennedy, que havia acabado de entrar na partida.&nbsp;<\/p>\n\n\n\n<p>Em coletiva ap\u00f3s o jogo, o t\u00e9cnico&nbsp;Luis&nbsp;Zubeld\u00eda&nbsp;expressou sua insatisfa\u00e7\u00e3o com o lance: \u201cA pergunta que deixo aqui \u00e9: o que tem que fazer o atacante se n\u00e3o pode se deslocar um pouquinho com os bra\u00e7os?\u201d E, com gestos, insinuou ironicamente que o centroavante deveria atacar com os bra\u00e7os junto ao corpo.&nbsp;<\/p>\n\n\n\n<p>Amanh\u00e3, o presidente do clube das Laranjeiras, Mattheus Montenegro, se manifestar\u00e1 perante a CBF na reuni\u00e3o de arbitragem, que acontece todas as segundas-feiras e conta com representantes dos 20 clubes da S\u00e9rie A. A principal reclama\u00e7\u00e3o \u00e9 a \u201cfalta de crit\u00e9rio\u201d da arbitragem.&nbsp;<\/p>\n","protected":false},"excerpt":{"rendered":"<p>Ap\u00f3s empate pela d\u00e9cima rodada do Brasileir\u00e3o, Flu reclama da anula\u00e7\u00e3o de gol de Kevin Serna e levar\u00e1 o caso \u00e0 CBF<\/p>\n","protected":false},"author":12,"featured_media":557,"comment_status":"closed","ping_status":"open","sticky":false,"template":"","format":"standard","meta":{"_acf_changed":false,"footnotes":""},"categories":[7],"tags":[49,48,145,36],"country":[],"label":[],"class_list":["post-555","post","type-post","status-publish","format-standard","has-post-thumbnail","hentry","category-brasileirao-serie-a","tag-brasileirao","tag-campeonato-brasileiro","tag-fluminense","tag-futebol"],"acf":[],"_links":{"self":[{"href":"https:\/\/betsson.sport\/br\/wp-json\/wp\/v2\/posts\/555","targetHints":{"allow":["GET"]}}],"collection":[{"href":"https:\/\/betsson.sport\/br\/wp-json\/wp\/v2\/posts"}],"about":[{"href":"https:\/\/betsson.sport\/br\/wp-json\/wp\/v2\/types\/post"}],"author":[{"embeddable":true,"href":"https:\/\/betsson.sport\/br\/wp-json\/wp\/v2\/users\/12"}],"replies":[{"embeddable":true,"href":"https:\/\/betsson.sport\/br\/wp-json\/wp\/v2\/comments?post=555"}],"version-history":[{"count":0,"href":"https:\/\/betsson.sport\/br\/wp-json\/wp\/v2\/posts\/555\/revisions"}],"wp:featuredmedia":[{"embeddable":true,"href":"https:\/\/betsson.sport\/br\/wp-json\/wp\/v2\/media\/557"}],"wp:attachment":[{"href":"https:\/\/betsson.sport\/br\/wp-json\/wp\/v2\/media?parent=555"}],"wp:term":[{"taxonomy":"category","embeddable":true,"href":"https:\/\/betsson.sport\/br\/wp-json\/wp\/v2\/categories?post=555"},{"taxonomy":"post_tag","embeddable":true,"href":"https:\/\/betsson.sport\/br\/wp-json\/wp\/v2\/tags?post=555"},{"taxonomy":"country","embeddable":true,"href":"https:\/\/betsson.sport\/br\/wp-json\/wp\/v2\/country?post=555"},{"taxonomy":"label","embeddable":true,"href":"https:\/\/betsson.sport\/br\/wp-json\/wp\/v2\/label?post=555"}],"curies":[{"name":"wp","href":"https:\/\/api.w.org\/{rel}","templated":true}]}}