{"id":577,"date":"2026-04-06T09:00:00","date_gmt":"2026-04-06T12:00:00","guid":{"rendered":"https:\/\/betsson.sport\/br\/?p=577"},"modified":"2026-04-06T18:51:32","modified_gmt":"2026-04-06T21:51:32","slug":"ex-corinthians-martinez-ataca-doriva-apos-demissao","status":"publish","type":"post","link":"https:\/\/betsson.sport\/br\/noticias\/futebol\/brasileirao-serie-a\/ex-corinthians-martinez-ataca-doriva-apos-demissao\/","title":{"rendered":"Ex-Corinthians ataca Dorival J\u00fanior ap\u00f3s demiss\u00e3o do treinador: \"Sa\u00ed do time por tua causa, agora vai pagar\""},"content":{"rendered":"\n<p>A <a href=\"https:\/\/betsson.sport\/br\/noticias\/futebol\/brasileirao-serie-a\/corinthians-anuncia-demissao-tecnico-dorival-junior\/\"><strong>demiss\u00e3o de Dorival J\u00fanior<\/strong><\/a> foi bastante comemorada por <strong>Jos\u00e9 Mart\u00ednez<\/strong>, ex-volante do <strong>Corinthians<\/strong>. O venezuelano atacou o treinador nas redes sociais com o an\u00fancio da sa\u00edda publicado pelo Tim\u00e3o.<\/p>\n\n\n\n<p>\"Sa\u00ed do time por tua causa, agora vai pagar a conta. Deus no comando. Logo v\u00e3o saber a verdade\", publicou no story do <em>Instagram<\/em>.<\/p>\n\n\n\n<p>Campe\u00e3o da <strong>Copa do Brasil <\/strong>em 2025 ao lado de Dorival, Mart\u00ednez se reapresentou ao elenco para a pr\u00e9-temporada com 35 dias de atrasou e com uma grave les\u00e3o no joelho. <\/p>\n\n\n\n<figure class=\"wp-block-embed is-type-video is-provider-youtube wp-block-embed-youtube\"><div class=\"wp-block-embed__wrapper\">\n<iframe loading=\"lazy\" title=\"MART\u00cdNEZ DETONA DORIVAL: &quot;AGORA VAI PAGAR&quot;\" width=\"422\" height=\"750\" src=\"https:\/\/www.youtube.com\/embed\/cKfkNvTabPA?feature=oembed\" frameborder=\"0\" allow=\"accelerometer; autoplay; clipboard-write; encrypted-media; gyroscope; picture-in-picture; web-share\" referrerpolicy=\"strict-origin-when-cross-origin\" allowfullscreen><\/iframe>\n<\/div><\/figure>\n\n\n\n<p>Com a continuidade insustent\u00e1vel, o venezuelano teve o contrato rescindido com o Corinthians. Ap\u00f3s passar por cirurgia, deve voltar \u00e0s atividades somente na reta final desta temporada.<\/p>\n\n\n\n<p>Aos 31 anos, o jogador disputou <strong>70 <\/strong>jogos com a camisa alvinegra e marcou <strong>dois <\/strong>gols. Al\u00e9m da Copa do Brasil, levantou o trof\u00e9u do <strong>Campeonato Paulista<\/strong> com <strong>Ram\u00f3n D\u00edaz<\/strong>.<\/p>\n","protected":false},"excerpt":{"rendered":"<p>Jos\u00e9 Mart\u00ednez utilizou as redes sociais para detonar o treinador neste domingo (5).<\/p>\n","protected":false},"author":12,"featured_media":578,"comment_status":"closed","ping_status":"open","sticky":true,"template":"","format":"standard","meta":{"_acf_changed":true,"footnotes":""},"categories":[7],"tags":[49,48,111,150,36,197],"country":[],"label":[],"class_list":["post-577","post","type-post","status-publish","format-standard","has-post-thumbnail","hentry","category-brasileirao-serie-a","tag-brasileirao","tag-campeonato-brasileiro","tag-corinthians","tag-dorival","tag-futebol","tag-martinez"],"acf":[],"_links":{"self":[{"href":"https:\/\/betsson.sport\/br\/wp-json\/wp\/v2\/posts\/577","targetHints":{"allow":["GET"]}}],"collection":[{"href":"https:\/\/betsson.sport\/br\/wp-json\/wp\/v2\/posts"}],"about":[{"href":"https:\/\/betsson.sport\/br\/wp-json\/wp\/v2\/types\/post"}],"author":[{"embeddable":true,"href":"https:\/\/betsson.sport\/br\/wp-json\/wp\/v2\/users\/12"}],"replies":[{"embeddable":true,"href":"https:\/\/betsson.sport\/br\/wp-json\/wp\/v2\/comments?post=577"}],"version-history":[{"count":0,"href":"https:\/\/betsson.sport\/br\/wp-json\/wp\/v2\/posts\/577\/revisions"}],"wp:featuredmedia":[{"embeddable":true,"href":"https:\/\/betsson.sport\/br\/wp-json\/wp\/v2\/media\/578"}],"wp:attachment":[{"href":"https:\/\/betsson.sport\/br\/wp-json\/wp\/v2\/media?parent=577"}],"wp:term":[{"taxonomy":"category","embeddable":true,"href":"https:\/\/betsson.sport\/br\/wp-json\/wp\/v2\/categories?post=577"},{"taxonomy":"post_tag","embeddable":true,"href":"https:\/\/betsson.sport\/br\/wp-json\/wp\/v2\/tags?post=577"},{"taxonomy":"country","embeddable":true,"href":"https:\/\/betsson.sport\/br\/wp-json\/wp\/v2\/country?post=577"},{"taxonomy":"label","embeddable":true,"href":"https:\/\/betsson.sport\/br\/wp-json\/wp\/v2\/label?post=577"}],"curies":[{"name":"wp","href":"https:\/\/api.w.org\/{rel}","templated":true}]}}