{"id":676,"date":"2026-04-10T16:00:00","date_gmt":"2026-04-10T19:00:00","guid":{"rendered":"https:\/\/betsson.sport\/br\/?p=676"},"modified":"2026-04-09T15:34:59","modified_gmt":"2026-04-09T18:34:59","slug":"real-madrid-tecnico-defende-torcida-vaias-vinicius-jr-normal-natural","status":"publish","type":"post","link":"https:\/\/betsson.sport\/br\/noticias\/futebol\/real-madrid-tecnico-defende-torcida-vaias-vinicius-jr-normal-natural\/","title":{"rendered":"T\u00e9cnico do Real Madrid sai em defesa da torcida por vaias a Vinicius Jr.: \"Normal e natural\""},"content":{"rendered":"\n<p>O <a href=\"https:\/\/betsson.sport\/br\/noticias\/futebol\/champions-league\/champions-bayern-vence-real-madrid-bernabeu-sai-frente-vaga-semifinal\/\"><strong>Real Madrid foi derrotado por 2 a 1 para o Bayern de Munique<\/strong><\/a> na \u00faltima ter\u00e7a-feira (7) na primeira partida das quartas de final da <strong>Champions League<\/strong>. E <strong>Vinicius Jr.<\/strong>, um dos protagonistas da equipe, foi alvo de vaias no Santiago Bernab\u00e9u.<\/p>\n\n\n\n<p>Em entrevista coletiva, o t\u00e9cnico <strong>Arbeloa <\/strong>rasgou elogios ao brasileiro, mas tamb\u00e9m deu raz\u00e3o \u00e0 torcida pelo ato. Segundo ele, faz parte da exig\u00eancia.<\/p>\n\n\n\n<p>\"Voc\u00eas j\u00e1 sabem o que penso do Vinicius J\u00fanior. O que ele significa para mim como treinador, como madridista, o talento que tem e o desempenho que est\u00e1 entregando desde que me sentei no banco. Quem n\u00e3o est\u00e1 acostumado ao Bernab\u00e9u\u2026 bom, para mim seria uma sorte e eu gostaria de poder jogar todas as partidas que tenho no Bernab\u00e9u. Mas vaias s\u00e3o algo. Eu acho que faz parte da exig\u00eancia dessa torcida que vejo como algo normal e natural\", come\u00e7ou por dizer.<\/p>\n\n\n\n<figure class=\"wp-block-embed is-type-video is-provider-youtube wp-block-embed-youtube\"><div class=\"wp-block-embed__wrapper\">\n<iframe loading=\"lazy\" title=\"QUEM \u00c9 O MELHOR JOGADOR DO MUNDO ATUALMENTE?\" width=\"422\" height=\"750\" src=\"https:\/\/www.youtube.com\/embed\/2pNaR4OxSEk?feature=oembed\" frameborder=\"0\" allow=\"accelerometer; autoplay; clipboard-write; encrypted-media; gyroscope; picture-in-picture; web-share\" referrerpolicy=\"strict-origin-when-cross-origin\" allowfullscreen><\/iframe>\n<\/div><\/figure>\n\n\n\n<p>\"Imagino que para outros treinadores pode parecer um ambiente pesado, mas isso \u00e9 o Real Madrid. A exig\u00eancia \u00e9 m\u00e1xima, sabemos disso. E se notamos algo, \u00e9 o apoio da nossa torcida, o ambiente que est\u00e1 presente nesses \u00faltimos jogos conosco. Acho que n\u00e3o podemos pedir mais nada a eles. Se o time mostrou ra\u00e7a no segundo tempo (contra o Bayern) e teve todas as chances que teve, foi por causa do Bernab\u00e9u\", completou.<\/p>\n\n\n\n<p>Na atual temporada, Vinicius Jr. soma <strong>17 <\/strong>gols e <strong>nove <\/strong>assist\u00eancias em <strong>45 <\/strong>jogos pelo Real Madrid.<\/p>\n\n\n\n<p>O jogo da volta \u00e9 na pr\u00f3xima quarta-feira (15), \u00e0s 16h (de Bras\u00edlia), na Allianz Arena. O empate coloca o Bayern na semifinal, enquanto o Real precisa vencer por dois gols de diferen\u00e7a para avan\u00e7ar sem a necessidade da prorroga\u00e7\u00e3o.<a href=\"https:\/\/record.betsson.bet.br\/_vEvWDW056iNdXfJ7-ygnYWNd7ZgqdRLk\/1\/\" target=\"_blank\" rel=\"noreferrer noopener\"><\/a><\/p>\n\n\n\n<p><\/p>\n","protected":false},"excerpt":{"rendered":"<p>Arbeloa rasgou elogios ao brasileiro, mas pontuou a exig\u00eancia por parte do torcedor madridista como algo natural.<\/p>\n","protected":false},"author":12,"featured_media":677,"comment_status":"closed","ping_status":"open","sticky":true,"template":"","format":"standard","meta":{"_acf_changed":true,"footnotes":""},"categories":[6],"tags":[199,36,52,51],"country":[],"label":[],"class_list":["post-676","post","type-post","status-publish","format-standard","has-post-thumbnail","hentry","category-futebol","tag-champions-league","tag-futebol","tag-real-madrid","tag-vinicius-jr-2"],"acf":[],"_links":{"self":[{"href":"https:\/\/betsson.sport\/br\/wp-json\/wp\/v2\/posts\/676","targetHints":{"allow":["GET"]}}],"collection":[{"href":"https:\/\/betsson.sport\/br\/wp-json\/wp\/v2\/posts"}],"about":[{"href":"https:\/\/betsson.sport\/br\/wp-json\/wp\/v2\/types\/post"}],"author":[{"embeddable":true,"href":"https:\/\/betsson.sport\/br\/wp-json\/wp\/v2\/users\/12"}],"replies":[{"embeddable":true,"href":"https:\/\/betsson.sport\/br\/wp-json\/wp\/v2\/comments?post=676"}],"version-history":[{"count":0,"href":"https:\/\/betsson.sport\/br\/wp-json\/wp\/v2\/posts\/676\/revisions"}],"wp:featuredmedia":[{"embeddable":true,"href":"https:\/\/betsson.sport\/br\/wp-json\/wp\/v2\/media\/677"}],"wp:attachment":[{"href":"https:\/\/betsson.sport\/br\/wp-json\/wp\/v2\/media?parent=676"}],"wp:term":[{"taxonomy":"category","embeddable":true,"href":"https:\/\/betsson.sport\/br\/wp-json\/wp\/v2\/categories?post=676"},{"taxonomy":"post_tag","embeddable":true,"href":"https:\/\/betsson.sport\/br\/wp-json\/wp\/v2\/tags?post=676"},{"taxonomy":"country","embeddable":true,"href":"https:\/\/betsson.sport\/br\/wp-json\/wp\/v2\/country?post=676"},{"taxonomy":"label","embeddable":true,"href":"https:\/\/betsson.sport\/br\/wp-json\/wp\/v2\/label?post=676"}],"curies":[{"name":"wp","href":"https:\/\/api.w.org\/{rel}","templated":true}]}}