{"id":694,"date":"2026-04-11T12:00:00","date_gmt":"2026-04-11T15:00:00","guid":{"rendered":"https:\/\/betsson.sport\/br\/?p=694"},"modified":"2026-04-11T17:20:34","modified_gmt":"2026-04-11T20:20:34","slug":"tecnico-lyon-critica-endrick-nao-estou-satisfeito","status":"publish","type":"post","link":"https:\/\/betsson.sport\/br\/noticias\/futebol\/tecnico-lyon-critica-endrick-nao-estou-satisfeito\/","title":{"rendered":"T\u00e9cnico do Lyon critica Endrick: \"N\u00e3o estou satisfeito\""},"content":{"rendered":"\n<p>Treinador do <strong>Lyon<\/strong>, <strong>Paulo Fonseca<\/strong> n\u00e3o escondeu o descontentamento com as atua\u00e7\u00f5es de <strong>Endrick <\/strong>pelo clube franc\u00eas.<\/p>\n\n\n\n<p>Em entrevista coletiva na \u00faltima sexta-feira (10), o portugu\u00eas foi bastante sincero ao ser questionado sobre o momento vivido pelo atacante brasileiro.<\/p>\n\n\n\n<p>\"N\u00e3o estou satisfeito com o desempenho de Endrick. Ele estava cansado das viagens com a <strong>Sele\u00e7\u00e3o Brasileira<\/strong>. Mesmo assim, acho que ele precisa melhorar; espero mais dele, precisamos dele a 100%. Endrick est\u00e1 sendo marcado de perto pelos advers\u00e1rios\", disparou.<\/p>\n\n\n\n<figure class=\"wp-block-embed is-type-video is-provider-youtube wp-block-embed-youtube\"><div class=\"wp-block-embed__wrapper\">\n<iframe loading=\"lazy\" title=\"ENDRICK \u00c9 CRITICADO POR T\u00c9CNICO DO LYON!\" width=\"422\" height=\"750\" src=\"https:\/\/www.youtube.com\/embed\/UefW8JO113g?feature=oembed\" frameborder=\"0\" allow=\"accelerometer; autoplay; clipboard-write; encrypted-media; gyroscope; picture-in-picture; web-share\" referrerpolicy=\"strict-origin-when-cross-origin\" allowfullscreen><\/iframe>\n<\/div><\/figure>\n\n\n\n<p>\"Endrick precisa fazer mais para se firmar como uma op\u00e7\u00e3o e se destacar. Ele est\u00e1 pagando o pre\u00e7o por ter ficado muito tempo sem jogar antes de chegar ao Lyon. Al\u00e9m disso, foi dif\u00edcil para ele jogar tr\u00eas vezes por semana\", completou.<\/p>\n\n\n\n<p>At\u00e9 o momento, Endrick tem <strong>14 <\/strong>jogos pelo Lyon, com <strong>cinco <\/strong>gols e <strong>tr\u00eas <\/strong>assist\u00eancias. <\/p>\n\n\n\n<p><\/p>\n","protected":false},"excerpt":{"rendered":"<p>Paulo Fonseca criticou o momento vivido pelo brasileiro em coletiva na \u00faltima sexta-feira (10).<\/p>\n","protected":false},"author":12,"featured_media":695,"comment_status":"closed","ping_status":"open","sticky":false,"template":"","format":"standard","meta":{"_acf_changed":true,"footnotes":""},"categories":[6],"tags":[118,36,184,251],"country":[],"label":[],"class_list":["post-694","post","type-post","status-publish","format-standard","has-post-thumbnail","hentry","category-futebol","tag-endrick","tag-futebol","tag-lyon","tag-paulo-fonseca"],"acf":[],"_links":{"self":[{"href":"https:\/\/betsson.sport\/br\/wp-json\/wp\/v2\/posts\/694","targetHints":{"allow":["GET"]}}],"collection":[{"href":"https:\/\/betsson.sport\/br\/wp-json\/wp\/v2\/posts"}],"about":[{"href":"https:\/\/betsson.sport\/br\/wp-json\/wp\/v2\/types\/post"}],"author":[{"embeddable":true,"href":"https:\/\/betsson.sport\/br\/wp-json\/wp\/v2\/users\/12"}],"replies":[{"embeddable":true,"href":"https:\/\/betsson.sport\/br\/wp-json\/wp\/v2\/comments?post=694"}],"version-history":[{"count":0,"href":"https:\/\/betsson.sport\/br\/wp-json\/wp\/v2\/posts\/694\/revisions"}],"wp:featuredmedia":[{"embeddable":true,"href":"https:\/\/betsson.sport\/br\/wp-json\/wp\/v2\/media\/695"}],"wp:attachment":[{"href":"https:\/\/betsson.sport\/br\/wp-json\/wp\/v2\/media?parent=694"}],"wp:term":[{"taxonomy":"category","embeddable":true,"href":"https:\/\/betsson.sport\/br\/wp-json\/wp\/v2\/categories?post=694"},{"taxonomy":"post_tag","embeddable":true,"href":"https:\/\/betsson.sport\/br\/wp-json\/wp\/v2\/tags?post=694"},{"taxonomy":"country","embeddable":true,"href":"https:\/\/betsson.sport\/br\/wp-json\/wp\/v2\/country?post=694"},{"taxonomy":"label","embeddable":true,"href":"https:\/\/betsson.sport\/br\/wp-json\/wp\/v2\/label?post=694"}],"curies":[{"name":"wp","href":"https:\/\/api.w.org\/{rel}","templated":true}]}}