{"id":862,"date":"2026-04-16T21:31:57","date_gmt":"2026-04-17T00:31:57","guid":{"rendered":"https:\/\/betsson.sport\/br\/?p=862"},"modified":"2026-04-16T23:05:11","modified_gmt":"2026-04-17T02:05:11","slug":"com-gol-no-apagar-das-luzes-atletico-mg-derrota-o-juventud-e-chega-a-sua-primeira-vitoria-na-sul-americana","status":"publish","type":"post","link":"https:\/\/betsson.sport\/br\/noticias\/futebol\/copa-sul-americana\/com-gol-no-apagar-das-luzes-atletico-mg-derrota-o-juventud-e-chega-a-sua-primeira-vitoria-na-sul-americana\/","title":{"rendered":"Com gol no apagar das luzes, Atl\u00e9tico-MG derrota o Juventud e chega \u00e0 sua primeira vit\u00f3ria na Sul-Americana"},"content":{"rendered":"\n<p>Nesta noite de quinta-feira (16), o <strong>Atl\u00e9tico-MG<\/strong> triunfou sobre o <strong>Juventud<\/strong>, do Uruguai, por <strong>2 a 1<\/strong> na Arena MRV, pela segunda rodada da fase de grupos da <strong>Sul-Americana<\/strong>.\u00a0<\/p>\n\n\n\n<p>O resultado marca a primeira vit\u00f3ria do Galo na competi\u00e7\u00e3o, ap\u00f3s estrear com time reserva e perder por <strong>2 a 1<\/strong> para o <strong>Puerto\u00a0Cabello<\/strong>, em Val\u00eancia, na Venezuela.\u00a0\u00a0<\/p>\n\n\n\n<p>Correndo atr\u00e1s da classifica\u00e7\u00e3o direta\u00a0-\u00a0j\u00e1 que apenas o primeiro do grupo avan\u00e7a \u00e0s oitavas de final, enquanto o segundo disputa\u00a0os playoffs\u00a0-,\u00a0o treinador <strong>Eduardo Dom\u00ednguez<\/strong> optou\u00a0por utilizar o que tinha de melhor \u00e0 disposi\u00e7\u00e3o para enfrentar\u00a0o atual\u00a0vice-lanterna\u00a0do <strong>Campeonato Uruguaio<\/strong>.\u00a0\u00a0<\/p>\n\n\n\n<p>Apesar de entrar em campo com for\u00e7a m\u00e1xima, a partida n\u00e3o rendeu ao Atl\u00e9tico uma de suas melhores atua\u00e7\u00f5es.&nbsp;<\/p>\n\n\n\n<p>Na primeira etapa, ap\u00f3s um bom in\u00edcio pressionando o advers\u00e1rio nos 15 minutos iniciais, a equipe mineira viu seu desempenho cair progressivamente at\u00e9 os 43 minutos, quando surpreendeu e inaugurou o placar na Arena MRV.&nbsp;<\/p>\n\n\n\n<p>Em descida vertical, <strong>Cuello<\/strong> encontrou um belo passe em profundidade para <strong>Bernard<\/strong>, nas costas da defesa. O camisa 11 dominou, tirou da marca\u00e7\u00e3o e bateu de canhota para o fundo da rede.\u00a0<\/p>\n\n\n\n<p>A segunda etapa tamb\u00e9m n\u00e3o foi muito prol\u00edfica. Pouco depois do\u00a0intervalo, aos 10 minutos, o Juventud empatou com o volante <strong>Facundo P\u00e9rez<\/strong>.\u00a0<\/p>\n\n\n\n<p>O Galo havia finalizado apenas duas vezes no segundo tempo quando voltou a marcar, j\u00e1 no apagar das luzes, aos 44 minutos. Cuello acertou mais um cruzamento milim\u00e9trico, desta vez para\u00a0<strong>Cassierra<\/strong>\u00a0cabecear com precis\u00e3o e garantir o resultado.\u00a0<\/p>\n\n\n\n<p>A vit\u00f3ria, marcada por uma atua\u00e7\u00e3o abaixo da esperada, mas com jogadas bonitas e dois gola\u00e7os, al\u00e9m de garantir tr\u00eas pontos importantes para a recupera\u00e7\u00e3o do Galo no grupo, tamb\u00e9m mant\u00e9m a invencibilidade da equipe na Arena MRV na temporada.&nbsp;<\/p>\n\n\n\n<p>Agora, o time volta suas aten\u00e7\u00f5es para o pr\u00f3ximo compromisso pelo <strong>Campeonato Brasileiro<\/strong>, quando enfrentar\u00e1 o\u00a0<strong>Coritiba\u00a0<\/strong>no domingo (19), \u00e0s 16h, no Couto Pereira.\u00a0<\/p>\n\n\n\n<p>&nbsp;<\/p>\n","protected":false},"excerpt":{"rendered":"<p>Em casa, o Galo venceu o Juventud, do Uruguai, por 2 a 1, com duas assist\u00eancias de Tom\u00e1s Cuello e gols de Bernard e Cassierra.<\/p>\n","protected":false},"author":12,"featured_media":863,"comment_status":"closed","ping_status":"open","sticky":false,"template":"","format":"standard","meta":{"_acf_changed":false,"footnotes":""},"categories":[9],"tags":[175,36,203],"country":[],"label":[],"class_list":["post-862","post","type-post","status-publish","format-standard","has-post-thumbnail","hentry","category-copa-sul-americana","tag-atletico-mg","tag-futebol","tag-sul-americana"],"acf":[],"_links":{"self":[{"href":"https:\/\/betsson.sport\/br\/wp-json\/wp\/v2\/posts\/862","targetHints":{"allow":["GET"]}}],"collection":[{"href":"https:\/\/betsson.sport\/br\/wp-json\/wp\/v2\/posts"}],"about":[{"href":"https:\/\/betsson.sport\/br\/wp-json\/wp\/v2\/types\/post"}],"author":[{"embeddable":true,"href":"https:\/\/betsson.sport\/br\/wp-json\/wp\/v2\/users\/12"}],"replies":[{"embeddable":true,"href":"https:\/\/betsson.sport\/br\/wp-json\/wp\/v2\/comments?post=862"}],"version-history":[{"count":0,"href":"https:\/\/betsson.sport\/br\/wp-json\/wp\/v2\/posts\/862\/revisions"}],"wp:featuredmedia":[{"embeddable":true,"href":"https:\/\/betsson.sport\/br\/wp-json\/wp\/v2\/media\/863"}],"wp:attachment":[{"href":"https:\/\/betsson.sport\/br\/wp-json\/wp\/v2\/media?parent=862"}],"wp:term":[{"taxonomy":"category","embeddable":true,"href":"https:\/\/betsson.sport\/br\/wp-json\/wp\/v2\/categories?post=862"},{"taxonomy":"post_tag","embeddable":true,"href":"https:\/\/betsson.sport\/br\/wp-json\/wp\/v2\/tags?post=862"},{"taxonomy":"country","embeddable":true,"href":"https:\/\/betsson.sport\/br\/wp-json\/wp\/v2\/country?post=862"},{"taxonomy":"label","embeddable":true,"href":"https:\/\/betsson.sport\/br\/wp-json\/wp\/v2\/label?post=862"}],"curies":[{"name":"wp","href":"https:\/\/api.w.org\/{rel}","templated":true}]}}