{"id":868,"date":"2026-04-17T09:00:00","date_gmt":"2026-04-17T12:00:00","guid":{"rendered":"https:\/\/betsson.sport\/br\/?p=868"},"modified":"2026-04-17T12:45:50","modified_gmt":"2026-04-17T15:45:50","slug":"atletico-mg-eduardo-dominguez-faz-alerta-jogadores-diz-clube-precisa-uniao","status":"publish","type":"post","link":"https:\/\/betsson.sport\/br\/noticias\/futebol\/copa-sul-americana\/atletico-mg-eduardo-dominguez-faz-alerta-jogadores-diz-clube-precisa-uniao\/","title":{"rendered":"T\u00e9cnico do Atl\u00e9tico-MG faz alerta a jogadores e diz que clube precisa de mais uni\u00e3o"},"content":{"rendered":"\n<p>A <a href=\"https:\/\/betsson.sport\/br\/noticias\/futebol\/copa-sul-americana\/com-gol-no-apagar-das-luzes-atletico-mg-derrota-o-juventud-e-chega-a-sua-primeira-vitoria-na-sul-americana\/\"><strong>vit\u00f3ria do Atl\u00e9tico-MG por 2 a 1 sobre o Juventud<\/strong><\/a>, do Uruguai, pela <strong>Sul-Americana<\/strong>, foi sucedida por um alerta do t\u00e9cnico <strong>Eduardo Dom\u00ednguez<\/strong> aos jogadores.<\/p>\n\n\n\n<p>Durante a entrevista coletiva, o argentino falou sobre \"deixar de lado o ego\u00edsmo\" ao elenco para quem tem a titularidade n\u00e3o perd\u00ea-la e para quem procura um espa\u00e7o no time, conquist\u00e1-lo.<\/p>\n\n\n\n<p>\"Tem que trabalhar forte na semana. Deixar de lado o ego\u00edsmo. Quando joga tem que mostrar porque joga. Se n\u00e3o joga, tem que mostrar por que tem que jogar. Se n\u00e3o \u00e9 f\u00e1cil, a culpa \u00e9 do treinador.\"<\/p>\n\n\n\n<figure class=\"wp-block-embed is-type-video is-provider-youtube wp-block-embed-youtube\"><div class=\"wp-block-embed__wrapper\">\n<iframe loading=\"lazy\" title=\"T\u00c9CNICO DO ATL\u00c9TICO-MG FAZ FORTE DESABAFO!\" width=\"422\" height=\"750\" src=\"https:\/\/www.youtube.com\/embed\/soFaw1w9xjQ?feature=oembed\" frameborder=\"0\" allow=\"accelerometer; autoplay; clipboard-write; encrypted-media; gyroscope; picture-in-picture; web-share\" referrerpolicy=\"strict-origin-when-cross-origin\" allowfullscreen><\/iframe>\n<\/div><\/figure>\n\n\n\n<p>\"A culpa \u00e9 do clube, a culpa \u00e9 do meu companheiro. Precisamos de mais uni\u00e3o. Mais conex\u00e3o. Se n\u00e3o estamos conectados dentro, como vamos conectar com a torcida? N\u00e3o posso sair feliz com essa vit\u00f3ria\", completou.<\/p>\n\n\n\n<p>O resultado marcou a primeira vit\u00f3ria do Galo na competi\u00e7\u00e3o, ap\u00f3s estrear com time reserva e perder por&nbsp;<strong>2 a 1<\/strong>&nbsp;para o&nbsp;<strong>Puerto&nbsp;Cabello<\/strong>, em Val\u00eancia, na Venezuela.&nbsp;&nbsp;<\/p>\n\n\n\n<p>Agora, o time volta suas aten\u00e7\u00f5es para o pr\u00f3ximo compromisso pelo&nbsp;<strong>Campeonato Brasileiro<\/strong>, quando enfrentar\u00e1 o&nbsp;<strong>Coritiba&nbsp;<\/strong>no domingo (19), \u00e0s 16h, no Couto Pereira.&nbsp;<\/p>\n","protected":false},"excerpt":{"rendered":"<p>Treinador argentino falou em entrevista coletiva, desabafou e afirmou n\u00e3o ter sa\u00eddo feliz com a vit\u00f3ria.<\/p>\n","protected":false},"author":12,"featured_media":869,"comment_status":"closed","ping_status":"open","sticky":false,"template":"","format":"standard","meta":{"_acf_changed":true,"footnotes":""},"categories":[9],"tags":[175,309,36,203],"country":[],"label":[],"class_list":["post-868","post","type-post","status-publish","format-standard","has-post-thumbnail","hentry","category-copa-sul-americana","tag-atletico-mg","tag-eduardo-dominguez","tag-futebol","tag-sul-americana"],"acf":[],"_links":{"self":[{"href":"https:\/\/betsson.sport\/br\/wp-json\/wp\/v2\/posts\/868","targetHints":{"allow":["GET"]}}],"collection":[{"href":"https:\/\/betsson.sport\/br\/wp-json\/wp\/v2\/posts"}],"about":[{"href":"https:\/\/betsson.sport\/br\/wp-json\/wp\/v2\/types\/post"}],"author":[{"embeddable":true,"href":"https:\/\/betsson.sport\/br\/wp-json\/wp\/v2\/users\/12"}],"replies":[{"embeddable":true,"href":"https:\/\/betsson.sport\/br\/wp-json\/wp\/v2\/comments?post=868"}],"version-history":[{"count":0,"href":"https:\/\/betsson.sport\/br\/wp-json\/wp\/v2\/posts\/868\/revisions"}],"wp:featuredmedia":[{"embeddable":true,"href":"https:\/\/betsson.sport\/br\/wp-json\/wp\/v2\/media\/869"}],"wp:attachment":[{"href":"https:\/\/betsson.sport\/br\/wp-json\/wp\/v2\/media?parent=868"}],"wp:term":[{"taxonomy":"category","embeddable":true,"href":"https:\/\/betsson.sport\/br\/wp-json\/wp\/v2\/categories?post=868"},{"taxonomy":"post_tag","embeddable":true,"href":"https:\/\/betsson.sport\/br\/wp-json\/wp\/v2\/tags?post=868"},{"taxonomy":"country","embeddable":true,"href":"https:\/\/betsson.sport\/br\/wp-json\/wp\/v2\/country?post=868"},{"taxonomy":"label","embeddable":true,"href":"https:\/\/betsson.sport\/br\/wp-json\/wp\/v2\/label?post=868"}],"curies":[{"name":"wp","href":"https:\/\/api.w.org\/{rel}","templated":true}]}}