{"id":880,"date":"2026-04-17T16:30:00","date_gmt":"2026-04-17T19:30:00","guid":{"rendered":"https:\/\/betsson.sport\/br\/?p=880"},"modified":"2026-04-17T13:30:44","modified_gmt":"2026-04-17T16:30:44","slug":"real-madrid-lista-dispensa-quatro-nomes-fracasso-temporada-veja","status":"publish","type":"post","link":"https:\/\/betsson.sport\/br\/noticias\/futebol\/real-madrid-lista-dispensa-quatro-nomes-fracasso-temporada-veja\/","title":{"rendered":"Real Madrid tem lista de dispensa com quatro nomes ap\u00f3s 'fracasso' na temporada; veja"},"content":{"rendered":"\n<p><a href=\"https:\/\/betsson.sport\/br\/noticias\/futebol\/champions-league\/psg-bayern-champions-league-tem-semifinais-definidas-veja-confrontos\/\"><strong>Eliminado nas quartas de final da Champions League<\/strong><\/a> e com poucas chances de t\u00edtulo em <strong>LALIGA<\/strong>, o <strong>Real Madrid <\/strong>j\u00e1 come\u00e7a a pensar na pr\u00f3xima temporada. Segundo o jornal <em>The Athletic<\/em>, os espanh\u00f3is j\u00e1 possuem uma lista de dispensa.<\/p>\n\n\n\n<p>Al\u00e9m do t\u00e9cnico <strong>\u00c1lvaro Arbeloa<\/strong>, que deve ter a sa\u00edda confirmada no meio do ano, a lista conta com <strong>Alaba, Asencio, Dani Ceballos e Gonzalo Garc\u00eda<\/strong>.<\/p>\n\n\n\n<p>O primeiro tem contrato s\u00f3 at\u00e9 o meio do ano e deve sair livre, enquanto os outros tr\u00eas devem ser negociados.<\/p>\n\n\n\n<p>Para al\u00e9m do quarteto, outros dois nomes experientes t\u00eam contrato se encerrando daqui dois meses e ainda n\u00e3o foram procurados para renovar. S\u00e3o eles: o lateral <strong>Carvajal <\/strong>e o zagueiro <strong>Rudiger<\/strong>.<\/p>\n\n\n\n<p>A reformula\u00e7\u00e3o passa pela necessidade do Real Madrid em voltar a ganhar t\u00edtulos. Na \u00faltima temporada, a equipe merengue tamb\u00e9m passou sem levantar trof\u00e9us de express\u00e3o.<\/p>\n","protected":false},"excerpt":{"rendered":"<p>Segundo o The Athletic, clube planeja uma reformula\u00e7\u00e3o no elenco para a temporada 2026\/27.<\/p>\n","protected":false},"author":12,"featured_media":881,"comment_status":"closed","ping_status":"open","sticky":true,"template":"","format":"standard","meta":{"_acf_changed":true,"footnotes":""},"categories":[6],"tags":[120,199,36,119,200,105,52],"country":[],"label":[],"class_list":["post-880","post","type-post","status-publish","format-standard","has-post-thumbnail","hentry","category-futebol","tag-campeonato-espanhol","tag-champions-league","tag-futebol","tag-laliga","tag-liga-dos-campeoes","tag-mercado-da-bola","tag-real-madrid"],"acf":[],"_links":{"self":[{"href":"https:\/\/betsson.sport\/br\/wp-json\/wp\/v2\/posts\/880","targetHints":{"allow":["GET"]}}],"collection":[{"href":"https:\/\/betsson.sport\/br\/wp-json\/wp\/v2\/posts"}],"about":[{"href":"https:\/\/betsson.sport\/br\/wp-json\/wp\/v2\/types\/post"}],"author":[{"embeddable":true,"href":"https:\/\/betsson.sport\/br\/wp-json\/wp\/v2\/users\/12"}],"replies":[{"embeddable":true,"href":"https:\/\/betsson.sport\/br\/wp-json\/wp\/v2\/comments?post=880"}],"version-history":[{"count":0,"href":"https:\/\/betsson.sport\/br\/wp-json\/wp\/v2\/posts\/880\/revisions"}],"wp:featuredmedia":[{"embeddable":true,"href":"https:\/\/betsson.sport\/br\/wp-json\/wp\/v2\/media\/881"}],"wp:attachment":[{"href":"https:\/\/betsson.sport\/br\/wp-json\/wp\/v2\/media?parent=880"}],"wp:term":[{"taxonomy":"category","embeddable":true,"href":"https:\/\/betsson.sport\/br\/wp-json\/wp\/v2\/categories?post=880"},{"taxonomy":"post_tag","embeddable":true,"href":"https:\/\/betsson.sport\/br\/wp-json\/wp\/v2\/tags?post=880"},{"taxonomy":"country","embeddable":true,"href":"https:\/\/betsson.sport\/br\/wp-json\/wp\/v2\/country?post=880"},{"taxonomy":"label","embeddable":true,"href":"https:\/\/betsson.sport\/br\/wp-json\/wp\/v2\/label?post=880"}],"curies":[{"name":"wp","href":"https:\/\/api.w.org\/{rel}","templated":true}]}}