{"id":891,"date":"2026-04-17T19:28:41","date_gmt":"2026-04-17T22:28:41","guid":{"rendered":"https:\/\/betsson.sport\/br\/?p=891"},"modified":"2026-04-17T20:33:33","modified_gmt":"2026-04-17T23:33:33","slug":"flamengo-perdera-erick-pulgar-por-tres-partidas-apos-decisao-do-stjd","status":"publish","type":"post","link":"https:\/\/betsson.sport\/br\/noticias\/futebol\/brasileirao-serie-a\/flamengo-perdera-erick-pulgar-por-tres-partidas-apos-decisao-do-stjd\/","title":{"rendered":"Flamengo perder\u00e1 Erick Pulgar por tr\u00eas partidas ap\u00f3s decis\u00e3o do STJD"},"content":{"rendered":"\n<p><strong>Erick&nbsp;Pulgar<\/strong>, volante do <strong>Flamengo<\/strong>, foi punido pelo Superior Tribunal de Justi\u00e7a Desportiva (STJD) e n\u00e3o poder\u00e1 atuar nas pr\u00f3ximas tr\u00eas partidas do clube, sendo duas pelo <strong>Campeonato Brasileiro<\/strong> e uma pela <strong>Copa do Brasil<\/strong>. A decis\u00e3o foi divulgada ap\u00f3s audi\u00eancia realizada nesta sexta-feira.&nbsp;<\/p>\n\n\n\n<p>O julgamento analisou a expuls\u00e3o do jogador na partida contra o <strong>RB Bragantino<\/strong>, v\u00e1lida pela 9\u00aa rodada do <strong>Brasileir\u00e3o <\/strong>e\u00a0disputada no dia 2 de abril. Na s\u00famula, o \u00e1rbitro Fernando Nascimento Filho relatou que o cart\u00e3o vermelho foi aplicado ap\u00f3s\u00a0Pulgar\u00a0\u201cacertar um soco no rosto\u201d do\u00a0atacante\u00a0argentino <strong>Jos\u00e9\u00a0Mar\u00eda\u00a0Herrera<\/strong>.\u00a0<\/p>\n\n\n\n<figure class=\"wp-block-embed is-type-video is-provider-youtube wp-block-embed-youtube\"><div class=\"wp-block-embed__wrapper\">\n<iframe loading=\"lazy\" title=\"JARDIM: &quot;TODAS AS COMPETI\u00c7\u00d5ES S\u00c3O PRIORIDADE&quot;\" width=\"422\" height=\"750\" src=\"https:\/\/www.youtube.com\/embed\/F4gS8KkFm-s?feature=oembed\" frameborder=\"0\" allow=\"accelerometer; autoplay; clipboard-write; encrypted-media; gyroscope; picture-in-picture; web-share\" referrerpolicy=\"strict-origin-when-cross-origin\" allowfullscreen><\/iframe>\n<\/div><\/figure>\n\n\n\n<p>Na ocasi\u00e3o, o t\u00e9cnico rubro-negro, <strong>Leonardo Jardim<\/strong>, comentou o lance em entrevista coletiva e criticou a atitude do atleta. \u201cO\u00a0Pulgar\u00a0tem o sangue quente, mas sabe que precisa ter cuidado. Acabou prejudicando uma poss\u00edvel rea\u00e7\u00e3o da equipe. Ele, assim como qualquer jogador do Flamengo, precisa ter essa aten\u00e7\u00e3o\u201d, afirmou o treinador.\u00a0<\/p>\n\n\n\n<p>Al\u00e9m de ter\u00a0cumprido\u00a0a suspens\u00e3o autom\u00e1tica na rodada seguinte, contra o <strong>Santos <\/strong>no dia 5 de abril, o chileno ter\u00e1 de ficar fora de mais tr\u00eas compromissos: diante do <strong>Bahia<\/strong>, no pr\u00f3ximo domingo (19),\u00a0em casa\u00a0pelo <strong>Brasileir\u00e3o<\/strong>; contra o <strong>Vit\u00f3ria<\/strong>, na quarta-feira (22), pela <strong>Copa do Brasil<\/strong>; e frente ao <strong>Atl\u00e9tico-MG<\/strong>, no domingo (26), novamente pelo\u00a0Campeonato\u00a0Brasileiro.\u00a0<\/p>\n\n\n\n<p>A puni\u00e7\u00e3o foi definida de forma un\u00e2nime pelos auditores do STJD. Ainda assim, a defesa do jogador avalia a possibilidade de recorrer da decis\u00e3o na tentativa de reduzir a pena.&nbsp;<\/p>\n\n\n\n<p>Al\u00e9m da suspens\u00e3o,&nbsp;Pulgar&nbsp;tamb\u00e9m preocupa o departamento m\u00e9dico. No lance que resultou na expuls\u00e3o, o volante sofreu uma les\u00e3o no ombro direito e segue em recupera\u00e7\u00e3o. At\u00e9 o momento, n\u00e3o h\u00e1 previs\u00e3o oficial para seu retorno aos treinos com o elenco principal do Flamengo.&nbsp;<\/p>\n","protected":false},"excerpt":{"rendered":"<p>Expulso contra o Bragantino, volante cumprir\u00e1 suspens\u00e3o no Brasileiro e na Copa do Brasil<\/p>\n","protected":false},"author":12,"featured_media":892,"comment_status":"closed","ping_status":"open","sticky":false,"template":"","format":"standard","meta":{"_acf_changed":false,"footnotes":""},"categories":[7],"tags":[49,48,53,36,163],"country":[],"label":[],"class_list":["post-891","post","type-post","status-publish","format-standard","has-post-thumbnail","hentry","category-brasileirao-serie-a","tag-brasileirao","tag-campeonato-brasileiro","tag-flamengo","tag-futebol","tag-pulgar"],"acf":[],"_links":{"self":[{"href":"https:\/\/betsson.sport\/br\/wp-json\/wp\/v2\/posts\/891","targetHints":{"allow":["GET"]}}],"collection":[{"href":"https:\/\/betsson.sport\/br\/wp-json\/wp\/v2\/posts"}],"about":[{"href":"https:\/\/betsson.sport\/br\/wp-json\/wp\/v2\/types\/post"}],"author":[{"embeddable":true,"href":"https:\/\/betsson.sport\/br\/wp-json\/wp\/v2\/users\/12"}],"replies":[{"embeddable":true,"href":"https:\/\/betsson.sport\/br\/wp-json\/wp\/v2\/comments?post=891"}],"version-history":[{"count":0,"href":"https:\/\/betsson.sport\/br\/wp-json\/wp\/v2\/posts\/891\/revisions"}],"wp:featuredmedia":[{"embeddable":true,"href":"https:\/\/betsson.sport\/br\/wp-json\/wp\/v2\/media\/892"}],"wp:attachment":[{"href":"https:\/\/betsson.sport\/br\/wp-json\/wp\/v2\/media?parent=891"}],"wp:term":[{"taxonomy":"category","embeddable":true,"href":"https:\/\/betsson.sport\/br\/wp-json\/wp\/v2\/categories?post=891"},{"taxonomy":"post_tag","embeddable":true,"href":"https:\/\/betsson.sport\/br\/wp-json\/wp\/v2\/tags?post=891"},{"taxonomy":"country","embeddable":true,"href":"https:\/\/betsson.sport\/br\/wp-json\/wp\/v2\/country?post=891"},{"taxonomy":"label","embeddable":true,"href":"https:\/\/betsson.sport\/br\/wp-json\/wp\/v2\/label?post=891"}],"curies":[{"name":"wp","href":"https:\/\/api.w.org\/{rel}","templated":true}]}}