{"id":940,"date":"2026-04-20T18:30:00","date_gmt":"2026-04-20T21:30:00","guid":{"rendered":"https:\/\/betsson.sport\/br\/?p=940"},"modified":"2026-04-20T18:32:09","modified_gmt":"2026-04-20T21:32:09","slug":"selecao-cafu-aponta-maior-desafio-neymar-estar-lista-final-copa-do-mundo","status":"publish","type":"post","link":"https:\/\/betsson.sport\/br\/noticias\/futebol\/mundial\/selecao-cafu-aponta-maior-desafio-neymar-estar-lista-final-copa-do-mundo\/","title":{"rendered":"Cafu aponta maior desafio para Neymar estar na lista final da Sele\u00e7\u00e3o para a Copa do Mundo"},"content":{"rendered":"\n<p>Capit\u00e3o do pentacampeonato do mundo em 2002 pela <strong>Sele\u00e7\u00e3o Brasileira<\/strong>, <strong>Cafu <\/strong>apontou o tempo como maior desafio para <strong>Neymar <\/strong>estar na lista final de convocados de <strong>Carlo Ancelotti<\/strong> para a <strong>Copa do Mundo<\/strong>.<\/p>\n\n\n\n<p>Durante a cerim\u00f4nia do Pr\u00eamio Laureus do Esporte Mundial, realizado em Madri, nesta segunda-feira (20), o ex-lateral-direito falou sobre a possibilidade do craque do <strong>Santos <\/strong>estar com a Sele\u00e7\u00e3o Brasileira no Mundial<\/p>\n\n\n\n<p>\"O tempo continua sendo ainda o maior desafio do Neymar, sem sombra de d\u00favida, n\u00e3o tem tanto tempo assim. N\u00f3s estamos a um m\u00eas e um pouco da Copa do Mundo, ele precisa de uma sequ\u00eancia de jogos e \u00e9 muito pouco para um atleta do n\u00edvel dele\", come\u00e7ou por dizer.<\/p>\n\n\n\n<p>\"Sabemos o quanto ele \u00e9 capaz, o quanto ele pode render, e isso s\u00f3 o pr\u00f3prio Neymar vai definir se ele vai estar na Copa ou n\u00e3o. Podem me perguntar: 'Cafu, o Neymar vai estar na Copa?'. N\u00e3o sabemos, nem eles sabem se ele vai t\u00e1 na Copa ou n\u00e3o, eu acho que vai depender desse tempo que n\u00f3s falamos que n\u00e3o tem muito\", completou.<\/p>\n\n\n\n<p>A convoca\u00e7\u00e3o dos 26 nomes de Carlo Ancelotti ser\u00e1 realizada em pouco menos de um m\u00eas, no dia 18 de maio, na sede da Confedera\u00e7\u00e3o Brasileira de Futebol (CBF), na Barra da Tijuca, Zona Oeste do Rio de Janeiro.<\/p>\n","protected":false},"excerpt":{"rendered":"<p>Ex-lateral e capit\u00e3o do penta em 2002 deu a declara\u00e7\u00e3o durante a cerim\u00f4nia do Pr\u00eamio Laureus do Esporte Mundial, realizado em Madri, nesta segunda-feira (20).<\/p>\n","protected":false},"author":12,"featured_media":941,"comment_status":"closed","ping_status":"open","sticky":true,"template":"","format":"standard","meta":{"_acf_changed":true,"footnotes":""},"categories":[23],"tags":[34,333,44,36,42,31],"country":[],"label":[],"class_list":["post-940","post","type-post","status-publish","format-standard","has-post-thumbnail","hentry","category-mundial","tag-brasil","tag-cafu","tag-copa-do-mundo","tag-futebol","tag-neymar","tag-selecao-brasileira"],"acf":[],"_links":{"self":[{"href":"https:\/\/betsson.sport\/br\/wp-json\/wp\/v2\/posts\/940","targetHints":{"allow":["GET"]}}],"collection":[{"href":"https:\/\/betsson.sport\/br\/wp-json\/wp\/v2\/posts"}],"about":[{"href":"https:\/\/betsson.sport\/br\/wp-json\/wp\/v2\/types\/post"}],"author":[{"embeddable":true,"href":"https:\/\/betsson.sport\/br\/wp-json\/wp\/v2\/users\/12"}],"replies":[{"embeddable":true,"href":"https:\/\/betsson.sport\/br\/wp-json\/wp\/v2\/comments?post=940"}],"version-history":[{"count":0,"href":"https:\/\/betsson.sport\/br\/wp-json\/wp\/v2\/posts\/940\/revisions"}],"wp:featuredmedia":[{"embeddable":true,"href":"https:\/\/betsson.sport\/br\/wp-json\/wp\/v2\/media\/941"}],"wp:attachment":[{"href":"https:\/\/betsson.sport\/br\/wp-json\/wp\/v2\/media?parent=940"}],"wp:term":[{"taxonomy":"category","embeddable":true,"href":"https:\/\/betsson.sport\/br\/wp-json\/wp\/v2\/categories?post=940"},{"taxonomy":"post_tag","embeddable":true,"href":"https:\/\/betsson.sport\/br\/wp-json\/wp\/v2\/tags?post=940"},{"taxonomy":"country","embeddable":true,"href":"https:\/\/betsson.sport\/br\/wp-json\/wp\/v2\/country?post=940"},{"taxonomy":"label","embeddable":true,"href":"https:\/\/betsson.sport\/br\/wp-json\/wp\/v2\/label?post=940"}],"curies":[{"name":"wp","href":"https:\/\/api.w.org\/{rel}","templated":true}]}}