{"id":942,"date":"2026-04-21T17:00:00","date_gmt":"2026-04-21T20:00:00","guid":{"rendered":"https:\/\/betsson.sport\/br\/?p=942"},"modified":"2026-04-20T18:18:04","modified_gmt":"2026-04-20T21:18:04","slug":"selecao-cafu-rasga-elogios-endrick-aponta-diferencial-outros-atacantes","status":"publish","type":"post","link":"https:\/\/betsson.sport\/br\/noticias\/futebol\/mundial\/selecao-cafu-rasga-elogios-endrick-aponta-diferencial-outros-atacantes\/","title":{"rendered":"Cafu rasga elogios a Endrick e aponta diferencial para outros atacantes da Sele\u00e7\u00e3o: \"Vai ser pe\u00e7a fundamental\""},"content":{"rendered":"\n<p>Her\u00f3i na vit\u00f3ria do <strong>Lyon <\/strong>sobre o <strong>PSG <\/strong>por <strong>2 a 1 <\/strong>no \u00faltimo domingo (19), <strong>Endrick<\/strong> foi bastante elogiado por <strong>Cafu<\/strong>.<\/p>\n\n\n\n<p>Em declara\u00e7\u00e3o durante a cerim\u00f4nia do Pr\u00eamio Laureus do Esporte Mundial, realizado em Madri, na \u00faltima segunda-feira (20), o capit\u00e3o do penta destacou que o jovem atleta n\u00e3o sente o peso da amarelinha.<\/p>\n\n\n\n<p>\"Ele est\u00e1 voando, sou suspeito para falar do Endrick. Ele \u00e9 um jogador fora dos padr\u00f5es pra idade dele\", come\u00e7ou por destacar o atacante.<\/p>\n\n\n\n<p>\"Ele \u00e9 um jogador completo, ele \u00e9 r\u00e1pido, ele \u00e9 forte, ele dribla na direita, cobra falta, bom de cabeceio, vai ser uma pe\u00e7a fundamental pra Sele\u00e7\u00e3o Brasileira. Ele veste a camisa da Sele\u00e7\u00e3o como veste de qualquer clube, \u00e9 um jogador que n\u00e3o sente esse peso\", completou.<\/p>\n\n\n\n<p>Na vit\u00f3ria sobre o PSG por 2 a 1, Endrick fez o primeiro e deu assist\u00eancia para o segundo. Na atual temporada, em <strong>17 <\/strong>partidas, soma <strong>sete <\/strong>bolas nas redes e <strong>seis <\/strong>passes.<\/p>\n","protected":false},"excerpt":{"rendered":"<p>Ex-lateral e capit\u00e3o do Brasil deu a declara\u00e7\u00e3o durante a cerim\u00f4nia do Pr\u00eamio Laureus do Esporte Mundial.<\/p>\n","protected":false},"author":12,"featured_media":944,"comment_status":"closed","ping_status":"open","sticky":false,"template":"","format":"standard","meta":{"_acf_changed":true,"footnotes":""},"categories":[23],"tags":[34,333,44,118,36,31],"country":[],"label":[],"class_list":["post-942","post","type-post","status-publish","format-standard","has-post-thumbnail","hentry","category-mundial","tag-brasil","tag-cafu","tag-copa-do-mundo","tag-endrick","tag-futebol","tag-selecao-brasileira"],"acf":[],"_links":{"self":[{"href":"https:\/\/betsson.sport\/br\/wp-json\/wp\/v2\/posts\/942","targetHints":{"allow":["GET"]}}],"collection":[{"href":"https:\/\/betsson.sport\/br\/wp-json\/wp\/v2\/posts"}],"about":[{"href":"https:\/\/betsson.sport\/br\/wp-json\/wp\/v2\/types\/post"}],"author":[{"embeddable":true,"href":"https:\/\/betsson.sport\/br\/wp-json\/wp\/v2\/users\/12"}],"replies":[{"embeddable":true,"href":"https:\/\/betsson.sport\/br\/wp-json\/wp\/v2\/comments?post=942"}],"version-history":[{"count":0,"href":"https:\/\/betsson.sport\/br\/wp-json\/wp\/v2\/posts\/942\/revisions"}],"wp:featuredmedia":[{"embeddable":true,"href":"https:\/\/betsson.sport\/br\/wp-json\/wp\/v2\/media\/944"}],"wp:attachment":[{"href":"https:\/\/betsson.sport\/br\/wp-json\/wp\/v2\/media?parent=942"}],"wp:term":[{"taxonomy":"category","embeddable":true,"href":"https:\/\/betsson.sport\/br\/wp-json\/wp\/v2\/categories?post=942"},{"taxonomy":"post_tag","embeddable":true,"href":"https:\/\/betsson.sport\/br\/wp-json\/wp\/v2\/tags?post=942"},{"taxonomy":"country","embeddable":true,"href":"https:\/\/betsson.sport\/br\/wp-json\/wp\/v2\/country?post=942"},{"taxonomy":"label","embeddable":true,"href":"https:\/\/betsson.sport\/br\/wp-json\/wp\/v2\/label?post=942"}],"curies":[{"name":"wp","href":"https:\/\/api.w.org\/{rel}","templated":true}]}}