{"id":973,"date":"2026-04-22T13:41:28","date_gmt":"2026-04-22T16:41:28","guid":{"rendered":"https:\/\/betsson.sport\/br\/?p=973"},"modified":"2026-04-22T13:41:30","modified_gmt":"2026-04-22T16:41:30","slug":"estevao-tem-lesao-grave-novos-exames-corre-risco-ficar-fora-copa-do-mundo","status":"publish","type":"post","link":"https:\/\/betsson.sport\/br\/noticias\/futebol\/mundial\/estevao-tem-lesao-grave-novos-exames-corre-risco-ficar-fora-copa-do-mundo\/","title":{"rendered":"Estev\u00e3o tem les\u00e3o grave confirmada em novos exames e corre risco de perder a Copa do Mundo"},"content":{"rendered":"\n<p><strong>Estev\u00e3o <\/strong>corre o risco de ficar fora da <strong>Copa do Mundo<\/strong>. Novos exames feitos no jogador do <strong>Chelsea<\/strong> apontaram les\u00e3o grave na coxa direita.<\/p>\n\n\n\n<p>Segundo o diagn\u00f3stico informado pelo<em> The Athletic<\/em>, houve uma ruptura quase total do m\u00fasculo posterior da coxa direita. Inicialmente, os <em>Blues <\/em>sugeriram opera\u00e7\u00e3o para Estev\u00e3o se recuperar a tempo da Copa do Mundo.<\/p>\n\n\n\n<p>O jogador negocia com o Chelsea para viajar ao Brasil e realizar um tratamento conservador acompanhado da CBF, que manter\u00e1 constante comunica\u00e7\u00e3o com o clube ingl\u00eas.<\/p>\n\n\n\n<p>No domingo (19), <a href=\"https:\/\/betsson.sport\/br\/noticias\/futebol\/premier-league\/exame-aponta-lesao-estevao-deve-retornar-gramados-antes-convocacao-final-selecao\/\"><strong>o primeiro exame havia apontado para uma les\u00e3o com menor gravidad<\/strong><\/a>e, mas com a reincid\u00eancia das dores, um novo exame foi feito. Estev\u00e3o saiu machucado na partida contra o Manchester United, <a href=\"https:\/\/betsson.sport\/br\/noticias\/futebol\/premier-league\/matheus-cunha-brilha-manchester-united-vence-chelsea-na-premier-league-e-encaminha-vaga-na-champions\/\"><strong>vencida pelos Red Devils por 1 a 0.<\/strong><\/a><\/p>\n\n\n\n<p><strong>Carlo Ancelotti<\/strong> convoca a <strong>Sele\u00e7\u00e3o Brasileira <\/strong>no dia 18 de maio. O Brasil estreia na Copa no dia 13 de junho, contra <strong>Marrocos<\/strong>.<\/p>\n","protected":false},"excerpt":{"rendered":"<p>Segundo o diagn\u00f3stico, o atacante do Chelsea teve ruptura quase total do m\u00fasculo posterior da coxa direita.<\/p>\n","protected":false},"author":12,"featured_media":974,"comment_status":"closed","ping_status":"open","sticky":false,"template":"","format":"standard","meta":{"_acf_changed":true,"footnotes":""},"categories":[23],"tags":[34,168,326,36,31],"country":[],"label":[],"class_list":["post-973","post","type-post","status-publish","format-standard","has-post-thumbnail","hentry","category-mundial","tag-brasil","tag-chelsea","tag-estevao","tag-futebol","tag-selecao-brasileira"],"acf":[],"_links":{"self":[{"href":"https:\/\/betsson.sport\/br\/wp-json\/wp\/v2\/posts\/973","targetHints":{"allow":["GET"]}}],"collection":[{"href":"https:\/\/betsson.sport\/br\/wp-json\/wp\/v2\/posts"}],"about":[{"href":"https:\/\/betsson.sport\/br\/wp-json\/wp\/v2\/types\/post"}],"author":[{"embeddable":true,"href":"https:\/\/betsson.sport\/br\/wp-json\/wp\/v2\/users\/12"}],"replies":[{"embeddable":true,"href":"https:\/\/betsson.sport\/br\/wp-json\/wp\/v2\/comments?post=973"}],"version-history":[{"count":0,"href":"https:\/\/betsson.sport\/br\/wp-json\/wp\/v2\/posts\/973\/revisions"}],"wp:featuredmedia":[{"embeddable":true,"href":"https:\/\/betsson.sport\/br\/wp-json\/wp\/v2\/media\/974"}],"wp:attachment":[{"href":"https:\/\/betsson.sport\/br\/wp-json\/wp\/v2\/media?parent=973"}],"wp:term":[{"taxonomy":"category","embeddable":true,"href":"https:\/\/betsson.sport\/br\/wp-json\/wp\/v2\/categories?post=973"},{"taxonomy":"post_tag","embeddable":true,"href":"https:\/\/betsson.sport\/br\/wp-json\/wp\/v2\/tags?post=973"},{"taxonomy":"country","embeddable":true,"href":"https:\/\/betsson.sport\/br\/wp-json\/wp\/v2\/country?post=973"},{"taxonomy":"label","embeddable":true,"href":"https:\/\/betsson.sport\/br\/wp-json\/wp\/v2\/label?post=973"}],"curies":[{"name":"wp","href":"https:\/\/api.w.org\/{rel}","templated":true}]}}