{"id":990,"date":"2026-04-23T16:00:00","date_gmt":"2026-04-23T19:00:00","guid":{"rendered":"https:\/\/betsson.sport\/br\/?p=990"},"modified":"2026-04-22T22:00:15","modified_gmt":"2026-04-23T01:00:15","slug":"selecao-quem-pode-ganhar-espaco-caso-estevao-fique-fora-copa-do-mundo","status":"publish","type":"post","link":"https:\/\/betsson.sport\/br\/noticias\/futebol\/mundial\/selecao-quem-pode-ganhar-espaco-caso-estevao-fique-fora-copa-do-mundo\/","title":{"rendered":"Quem pode ganhar espa\u00e7o na Sele\u00e7\u00e3o caso Estev\u00e3o fique de fora da Copa do Mundo?"},"content":{"rendered":"\n<p>A <a href=\"https:\/\/betsson.sport\/br\/noticias\/futebol\/mundial\/estevao-tem-lesao-grave-novos-exames-corre-risco-ficar-fora-copa-do-mundo\/\"><strong>grave les\u00e3o de Estev\u00e3o<\/strong><\/a> a poucas semanas da convoca\u00e7\u00e3o final de <strong>Carlo Ancelotti <\/strong>para a <strong>Copa do Mundo<\/strong> pode abrir caminho na <strong>Sele\u00e7\u00e3o Brasileira<\/strong> para outros postulantes.<\/p>\n\n\n\n<p>Artilheiro do Brasil desde a chegada do treinador italiano com <strong>cinco<\/strong> gols, o atacante do <strong>Chelsea <\/strong>esteve em todas as convoca\u00e7\u00f5es at\u00e9 o momento.<\/p>\n\n\n\n<p>Com a les\u00e3o do jovem de 19 anos, <strong>Raphinha <\/strong>e <strong>Luiz Henrique<\/strong>, presen\u00e7as constantes  no Brasil, podem ganhar ainda mais espa\u00e7o pelo lado direito do campo.<\/p>\n\n\n\n<figure class=\"wp-block-embed is-type-video is-provider-youtube wp-block-embed-youtube\"><div class=\"wp-block-embed__wrapper\">\n<iframe loading=\"lazy\" title=\"EST\u00caV\u00c3O PODE FICAR FORA DA COPA DO MUNDO!\" width=\"422\" height=\"750\" src=\"https:\/\/www.youtube.com\/embed\/8RBOUgYtoJA?feature=oembed\" frameborder=\"0\" allow=\"accelerometer; autoplay; clipboard-write; encrypted-media; gyroscope; picture-in-picture; web-share\" referrerpolicy=\"strict-origin-when-cross-origin\" allowfullscreen><\/iframe>\n<\/div><\/figure>\n\n\n\n<p>Por\u00e9m, h\u00e1 nomes menos frequentes que podem aparecer na lista final, caso Estev\u00e3o n\u00e3o se recupere a tempo. S\u00e3o eles: <strong>Endrick<\/strong>, que foi bem na \u00faltima Data FIFA, e <strong>Igor Thiago<\/strong>, que vive grande fase pelo <strong>Brentford<\/strong>.<\/p>\n\n\n\n<p>Outro na briga \u00e9 <strong>Rayan<\/strong>. O ex-<strong>Vasco <\/strong>e atualmente no <strong>Bournemouth <\/strong>est\u00e1 no radar de Ancelotti e recebeu a primeira convoca\u00e7\u00e3o em mar\u00e7o.<\/p>\n\n\n\n<p>Embora seja meia,<strong> Lucas Paquet\u00e1<\/strong> \u00e9 outro que pode se beneficiar caso Estev\u00e3o fique de fora da Copa, j\u00e1 que h\u00e1 a possibilidade do aumento de meias na lista.<\/p>\n\n\n\n<p>Por fim, <strong>Neymar <\/strong>\u00e9 outro que est\u00e1 no radar. O camisa 10 do <strong>Santos<\/strong>, a depender do desempenho em campo e estado f\u00edsico, tamb\u00e9m pode figurar na lista de Carlo Ancelotti.<\/p>\n\n\n\n<p>A convoca\u00e7\u00e3o final acontece no dia 18 de maio, na sede da Confedera\u00e7\u00e3o Brasileira de Futebol (CBF), na Barra da Tijuca, Zona Oeste do Rio de Janeiro.<\/p>\n","protected":false},"excerpt":{"rendered":"<p>Artilheiro do Brasil na era Ancelotti, atacante corre risco de ficar fora do Mundial por conta de grave les\u00e3o.<\/p>\n","protected":false},"author":12,"featured_media":991,"comment_status":"closed","ping_status":"open","sticky":true,"template":"","format":"standard","meta":{"_acf_changed":true,"footnotes":""},"categories":[23],"tags":[34,44,118,326,36,97,129,194,74,344,31],"country":[],"label":[],"class_list":["post-990","post","type-post","status-publish","format-standard","has-post-thumbnail","hentry","category-mundial","tag-brasil","tag-copa-do-mundo","tag-endrick","tag-estevao","tag-futebol","tag-igor-thiago","tag-luiz-henrique","tag-paqueta","tag-raphinha","tag-rayan","tag-selecao-brasileira"],"acf":[],"_links":{"self":[{"href":"https:\/\/betsson.sport\/br\/wp-json\/wp\/v2\/posts\/990","targetHints":{"allow":["GET"]}}],"collection":[{"href":"https:\/\/betsson.sport\/br\/wp-json\/wp\/v2\/posts"}],"about":[{"href":"https:\/\/betsson.sport\/br\/wp-json\/wp\/v2\/types\/post"}],"author":[{"embeddable":true,"href":"https:\/\/betsson.sport\/br\/wp-json\/wp\/v2\/users\/12"}],"replies":[{"embeddable":true,"href":"https:\/\/betsson.sport\/br\/wp-json\/wp\/v2\/comments?post=990"}],"version-history":[{"count":0,"href":"https:\/\/betsson.sport\/br\/wp-json\/wp\/v2\/posts\/990\/revisions"}],"wp:featuredmedia":[{"embeddable":true,"href":"https:\/\/betsson.sport\/br\/wp-json\/wp\/v2\/media\/991"}],"wp:attachment":[{"href":"https:\/\/betsson.sport\/br\/wp-json\/wp\/v2\/media?parent=990"}],"wp:term":[{"taxonomy":"category","embeddable":true,"href":"https:\/\/betsson.sport\/br\/wp-json\/wp\/v2\/categories?post=990"},{"taxonomy":"post_tag","embeddable":true,"href":"https:\/\/betsson.sport\/br\/wp-json\/wp\/v2\/tags?post=990"},{"taxonomy":"country","embeddable":true,"href":"https:\/\/betsson.sport\/br\/wp-json\/wp\/v2\/country?post=990"},{"taxonomy":"label","embeddable":true,"href":"https:\/\/betsson.sport\/br\/wp-json\/wp\/v2\/label?post=990"}],"curies":[{"name":"wp","href":"https:\/\/api.w.org\/{rel}","templated":true}]}}