{"id":10428,"date":"2026-04-27T20:58:38","date_gmt":"2026-04-27T23:58:38","guid":{"rendered":"https:\/\/betsson.sport\/es\/?p=10428"},"modified":"2026-04-27T20:58:40","modified_gmt":"2026-04-27T23:58:40","slug":"gagoneta-a-fondo-y-furia-en-la-franja-el-clasico-universitario-202-dejo-heridos-y-redimidos","status":"publish","type":"post","link":"https:\/\/betsson.sport\/es\/noticias\/futbol\/liga-primera-chile\/gagoneta-a-fondo-y-furia-en-la-franja-el-clasico-universitario-202-dejo-heridos-y-redimidos\/","title":{"rendered":"\u00a1Gagoneta a fondo y furia en la Franja! El Cl\u00e1sico Universitario 202 dej\u00f3 heridos y redimidos"},"content":{"rendered":"\n<p>Se\u00f1ores, p\u00f3nganse c\u00f3modos, porque los d\u00edas post-cl\u00e1sico est\u00e1n m\u00e1s sabrosos que el partido mismo. El s\u00e1bado en el Nacional no s\u00f3lo se jugaron tres puntos; se jug\u00f3 el orgullo de dos procesos que viven realidades opuestas. Mientras <strong>Fernando Gago<\/strong> se abraza con la historia en su primer cl\u00e1sico azul, <strong>Daniel Garnero<\/strong> mastica rabia y deja frases que ya son virales.<\/p>\n\n\n\n<p>Aqu\u00ed les tiro el an\u00e1lisis al hueso de lo que nos dej\u00f3 este 1-0 que puso a la U en carrera y a la UC en terapia intensiva.<\/p>\n\n\n\n<hr class=\"wp-block-separator has-alpha-channel-opacity\" \/>\n\n\n\n<h3 class=\"wp-block-heading\">El \"Efecto Gago\": Del \"Ceache\u00ed\" a la l\u00ednea de cinco<\/h3>\n\n\n\n<p>Lo de Gago fue una clase magistral de c\u00f3mo manejar un camar\u00edn de equipo grande. Antes de salir a la cancha, el \"Pintita\" solt\u00f3 una arenga que sacudi\u00f3 las paredes del Nacional: <em>\"At\u00e1quenlos, los quiero pasar por arriba\"<\/em>. Y sus jugadores le compraron el discurso.<\/p>\n\n\n\n<ul class=\"wp-block-list\">\n<li><strong>Flexibilidad T\u00e1ctica:<\/strong> Lo tildaban de r\u00edgido, pero Gago demostr\u00f3 que no tiene \"la cabeza dura\". Cuando la UC se le vino encima en el segundo tiempo, meti\u00f3 el bus, arm\u00f3 l\u00ednea de cinco con Franco Calder\u00f3n y cerr\u00f3 el boliche.<\/li>\n\n\n\n<li><strong>La Redenci\u00f3n de Nico Ram\u00edrez:<\/strong> El central pas\u00f3 de ser el eterno cuestionado a anular por completo a Zampedri. <em>\"Lleg\u00f3 un t\u00e9cnico que confi\u00f3 en m\u00ed\"<\/em>, solt\u00f3 el Nico, que hoy es el estandarte de la nueva defensa azul.<\/li>\n<\/ul>\n\n\n\n<h3 class=\"wp-block-heading\">La furia de Garnero: \"Dej\u00e1 de jugar para atr\u00e1s...\"<\/h3>\n\n\n\n<p>En la vereda de enfrente, el clima es de funeral. Las c\u00e1maras de <em>Todos Somos T\u00e9cnicos<\/em> captaron el lado m\u00e1s oscuro de <strong>Daniel Garnero<\/strong>. El t\u00e9cnico argentino perdi\u00f3 los estribos con <strong>Jhojan Valencia<\/strong> en una frase que ya recorre los grupos de WhatsApp:<\/p>\n\n\n\n<blockquote class=\"wp-block-quote is-layout-flow wp-block-quote-is-layout-flow\">\n<p><em>\"\u00a1Pero Jhojan, dej\u00e1 de jugar para atr\u00e1s, la concha de mi hermana! \u00a1Sal\u00ed de ah\u00ed, la puta madre!\"<\/em><\/p>\n<\/blockquote>\n\n\n\n<p>Garnero no soporta la falta de verticalidad, y su frustraci\u00f3n refleja lo que dijo el <strong>\"Mortero\" Aravena<\/strong>: la UC es un Dr. Jekyll en Libertadores (ganando en Brasil) y un Mr. Hyde en la liga local (perdiendo con Calera y la U).<\/p>\n\n\n\n<h3 class=\"wp-block-heading\">Lucero rompi\u00f3 el maleficio y Bernedo bajo la lupa<\/h3>\n\n\n\n<p>Fue el gol de la justicia po\u00e9tica. <strong>Juan Mart\u00edn Lucero<\/strong>, el hombre que llevaba casi un a\u00f1o sin celebrar, eligi\u00f3 el minuto 16 de un cl\u00e1sico para mandarla a guardar. Fue un cabezazo sin resistencia, un error de c\u00e1lculo de <strong>Vicente Bernedo<\/strong> que los hist\u00f3ricos no perdonaron. <em>\"Estamos mal\"<\/em>, sentenci\u00f3 Aravena, poniendo el foco en que el equipo se vino abajo tras el impacto del \"Gato\".<\/p>\n\n\n\n<p>En resumen: La U recuper\u00f3 la m\u00edstica y la autoridad, mientras que en la precordillera las \"malas pulgas\" de Garnero y la irregularidad tienen a los hinchas con el alma en un hilo antes de viajar a Guayaquil.<\/p>\n\n\n\n<h3 class=\"wp-block-heading\">\u00bfQu\u00e9 viene para los \"Universitarios\"?<\/h3>\n\n\n\n<figure class=\"wp-block-table\"><table class=\"has-fixed-layout\"><thead><tr><td><strong>Equipo<\/strong><\/td><td><strong>Pr\u00f3ximo Desaf\u00edo<\/strong><\/td><td><strong>Torneo<\/strong><\/td><td><strong>Importancia<\/strong><\/td><\/tr><\/thead><tbody><tr><td><strong>U. Cat\u00f3lica<\/strong><\/td><td>Barcelona SC (29\/04)<\/td><td>Libertadores<\/td><td><strong>Vital:<\/strong> Deben ganar para seguir vivos en el grupo.<\/td><\/tr><tr><td><strong>U. de Chile<\/strong><\/td><td>La Serena (02\/05)<\/td><td>Copa de la Liga<\/td><td><strong>Clave:<\/strong> Gago busca meterse en la fase final.<\/td><\/tr><\/tbody><\/table><\/figure>\n\n\n\n<hr class=\"wp-block-separator has-alpha-channel-opacity\" \/>\n\n\n\n<p><strong>\u00bfCreen que la \"Gagoneta\" ya tiene bencina suficiente para pelear el t\u00edtulo hasta el final? \u00bfLa UC de Garnero podr\u00e1 sacudirse el polvo y dar el golpe en Ecuador por la Copa?<\/strong><\/p>\n\n\n\n<p>Comparte esta nota con tus amigos cruzados y azules, y sigamos viviendo la pasi\u00f3n del f\u00fatbol en <strong>Betsson.sport<\/strong>.<\/p>\n","protected":false},"excerpt":{"rendered":"<p>Se\u00f1ores, p\u00f3nganse c\u00f3modos, porque los d\u00edas post-cl\u00e1sico est\u00e1n m\u00e1s sabrosos que el partido mismo. El s\u00e1bado en el Nacional no s\u00f3lo se jugaron tres puntos; se jug\u00f3 el orgullo de dos procesos que viven realidades opuestas. Mientras Fernando Gago se abraza con la historia en su primer cl\u00e1sico azul, Daniel Garnero mastica rabia y deja [&hellip;]<\/p>\n","protected":false},"author":19,"featured_media":10429,"comment_status":"closed","ping_status":"closed","sticky":false,"template":"","format":"standard","meta":{"_acf_changed":false,"footnotes":""},"categories":[1788],"tags":[73,1825,655,3127,2106,864,2196,3055,900,1062,648,102],"label":[],"country":[1475],"class_list":["post-10428","post","type-post","status-publish","format-standard","has-post-thumbnail","hentry","category-liga-primera-chile","tag-chile","tag-clasico-universitario","tag-futbol-chileno-2","tag-gago","tag-loas-azules","tag-los-cruzados","tag-los-de-abajo","tag-lucero","tag-u","tag-uc","tag-universidad-catolica","tag-universidad-de-chile","country-chile"],"acf":[],"_links":{"self":[{"href":"https:\/\/betsson.sport\/es\/wp-json\/wp\/v2\/posts\/10428","targetHints":{"allow":["GET"]}}],"collection":[{"href":"https:\/\/betsson.sport\/es\/wp-json\/wp\/v2\/posts"}],"about":[{"href":"https:\/\/betsson.sport\/es\/wp-json\/wp\/v2\/types\/post"}],"author":[{"embeddable":true,"href":"https:\/\/betsson.sport\/es\/wp-json\/wp\/v2\/users\/19"}],"replies":[{"embeddable":true,"href":"https:\/\/betsson.sport\/es\/wp-json\/wp\/v2\/comments?post=10428"}],"version-history":[{"count":0,"href":"https:\/\/betsson.sport\/es\/wp-json\/wp\/v2\/posts\/10428\/revisions"}],"wp:featuredmedia":[{"embeddable":true,"href":"https:\/\/betsson.sport\/es\/wp-json\/wp\/v2\/media\/10429"}],"wp:attachment":[{"href":"https:\/\/betsson.sport\/es\/wp-json\/wp\/v2\/media?parent=10428"}],"wp:term":[{"taxonomy":"category","embeddable":true,"href":"https:\/\/betsson.sport\/es\/wp-json\/wp\/v2\/categories?post=10428"},{"taxonomy":"post_tag","embeddable":true,"href":"https:\/\/betsson.sport\/es\/wp-json\/wp\/v2\/tags?post=10428"},{"taxonomy":"label","embeddable":true,"href":"https:\/\/betsson.sport\/es\/wp-json\/wp\/v2\/label?post=10428"},{"taxonomy":"country","embeddable":true,"href":"https:\/\/betsson.sport\/es\/wp-json\/wp\/v2\/country?post=10428"}],"curies":[{"name":"wp","href":"https:\/\/api.w.org\/{rel}","templated":true}]}}