{"id":10445,"date":"2026-04-27T20:55:06","date_gmt":"2026-04-27T23:55:06","guid":{"rendered":"https:\/\/betsson.sport\/es\/?p=10445"},"modified":"2026-04-27T23:23:29","modified_gmt":"2026-04-28T02:23:29","slug":"ignacio-aliseda-es-duda-en-cerro-porteno-para-el-choque-con-palmeiras","status":"publish","type":"post","link":"https:\/\/betsson.sport\/es\/noticias\/futbol\/copa-libertadores\/ignacio-aliseda-es-duda-en-cerro-porteno-para-el-choque-con-palmeiras\/","title":{"rendered":"Ignacio Aliseda es duda en Cerro Porte\u00f1o para el choque con Palmeiras"},"content":{"rendered":"\n<p>Ignacio Aliseda aparece como una de las inc\u00f3gnitas en Cerro Porte\u00f1o de cara al tercer partido del equipo en la CONMEBOL Libertadores 2026, competici\u00f3n en la cual lleva cosechados 3 puntos tras la derrota en Lima ante Sporting Cristal y el triunfo en casa sobre Junior.<\/p>\n\n\n\n<p>El compromiso del mi\u00e9rcoles luce como el m\u00e1s complejo para los dirigidos por Ariel Holan, ya que recibir\u00e1n en La Nueva Olla a Palmeiras, subcampe\u00f3n de la edici\u00f3n pasada, as\u00ed como del Brasileirao 2025.<\/p>\n\n\n\n<p>Frente a este reto, el t\u00e9cnico argentino es consciente de la dolencia que padece su delantero y compatriota: un dolor muscular que lo ha privado de estar en los \u00faltimos cinco compromisos del Cicl\u00f3n de Barrio Obrero.<\/p>\n\n\n\n<p>Justamente, el conjunto, que figura como escolta de Olimpia en el Apertura a cinco unidades, al cabo de 17 jornadas, viene de dos juegos sin ganar (recientemente, 1-1 con Sportivo Ameliano), por lo que necesita recuperar peso ofensivo.<\/p>\n\n\n\n<p>El ex Lugano de Suiza, Chicago Fire y Defensa y Justicia ha aportado 4 goles y 2 asistencias en 15 encuentros en lo que va de este 2026, mientras que a\u00fan no pudo debutar en el \u00e1mbito continental.<\/p>\n\n\n\n<p>El doblete contra 2 de Mayo, para el triunfo 3-0 del pasado 5 de abril, ha sido la \u00faltima presentaci\u00f3n del futbolista de 26 a\u00f1os, quien trabaja para estar contra el Verdao en el marco del Grupo F.<\/p>\n\n\n\n<p>La enfermer\u00eda en Cerro es una preocupaci\u00f3n para Holan, ya que a Aliseda se le suman Robert Piris Da Motta, Blas Riveros, Abel Luciatti, Fabricio Dom\u00ednguez, Gast\u00f3n Gim\u00e9nez, Alan So\u00f1ora, Santiago Mosquera y Sergio Ara\u00fajo; adem\u00e1s, se agrega Cecilio Dom\u00ednguez por una contractura.<\/p>\n\n\n\n<p>Demasiados contratiempos para un Cicl\u00f3n que se juega semanas decisivas en su calendario, tanto por pasar la fase de grupos de la Libertadores como para darle batalla al Decano en el certamen local, por lo que el entrenador deber\u00e1 ingeni\u00e1rselas para sacar a la cancha lo mejor que tenga.<\/p>\n\n\n\n<p>\"Se fueron cayendo soldados, en posiciones donde estamos justos. Hay mucha rotaci\u00f3n forzada, no podemos armar dos veces el mismo equipo\", aclar\u00f3 Holan.<\/p>\n","protected":false},"excerpt":{"rendered":"<p>El delantero argentino sigue con la puesta a punto tras la lesi\u00f3n que lo margin\u00f3 de los \u00faltimos cinco juegos.<\/p>\n","protected":false},"author":23,"featured_media":10446,"comment_status":"closed","ping_status":"closed","sticky":false,"template":"","format":"standard","meta":{"_acf_changed":true,"footnotes":""},"categories":[156],"tags":[2955,159,213,360,3131,141],"label":[],"country":[1478],"class_list":["post-10445","post","type-post","status-publish","format-standard","has-post-thumbnail","hentry","category-copa-libertadores","tag-ariel-holan","tag-cerro-porteno","tag-conmebol","tag-copa-libertadores","tag-ignacio-aliseda","tag-palmeiras","country-paraguay"],"acf":[],"_links":{"self":[{"href":"https:\/\/betsson.sport\/es\/wp-json\/wp\/v2\/posts\/10445","targetHints":{"allow":["GET"]}}],"collection":[{"href":"https:\/\/betsson.sport\/es\/wp-json\/wp\/v2\/posts"}],"about":[{"href":"https:\/\/betsson.sport\/es\/wp-json\/wp\/v2\/types\/post"}],"author":[{"embeddable":true,"href":"https:\/\/betsson.sport\/es\/wp-json\/wp\/v2\/users\/23"}],"replies":[{"embeddable":true,"href":"https:\/\/betsson.sport\/es\/wp-json\/wp\/v2\/comments?post=10445"}],"version-history":[{"count":0,"href":"https:\/\/betsson.sport\/es\/wp-json\/wp\/v2\/posts\/10445\/revisions"}],"wp:featuredmedia":[{"embeddable":true,"href":"https:\/\/betsson.sport\/es\/wp-json\/wp\/v2\/media\/10446"}],"wp:attachment":[{"href":"https:\/\/betsson.sport\/es\/wp-json\/wp\/v2\/media?parent=10445"}],"wp:term":[{"taxonomy":"category","embeddable":true,"href":"https:\/\/betsson.sport\/es\/wp-json\/wp\/v2\/categories?post=10445"},{"taxonomy":"post_tag","embeddable":true,"href":"https:\/\/betsson.sport\/es\/wp-json\/wp\/v2\/tags?post=10445"},{"taxonomy":"label","embeddable":true,"href":"https:\/\/betsson.sport\/es\/wp-json\/wp\/v2\/label?post=10445"},{"taxonomy":"country","embeddable":true,"href":"https:\/\/betsson.sport\/es\/wp-json\/wp\/v2\/country?post=10445"}],"curies":[{"name":"wp","href":"https:\/\/api.w.org\/{rel}","templated":true}]}}