{"id":10457,"date":"2026-04-28T13:48:02","date_gmt":"2026-04-28T16:48:02","guid":{"rendered":"https:\/\/betsson.sport\/es\/?p=10457"},"modified":"2026-04-28T13:48:37","modified_gmt":"2026-04-28T16:48:37","slug":"obed-vargas-la-ultima-esperanza-mexicana-rumbo-a-la-final-de-champions","status":"publish","type":"post","link":"https:\/\/betsson.sport\/es\/noticias\/futbol\/champions-league\/obed-vargas-la-ultima-esperanza-mexicana-rumbo-a-la-final-de-champions\/","title":{"rendered":"Obed Vargas, la \u00faltima esperanza mexicana rumbo a la final de Champions"},"content":{"rendered":"\n<p>El mexicano Obed Vargas atraviesa un momento importante en su joven carrera al mantenerse como el \u00fanico futbolista azteca con posibilidades de conquistar un t\u00edtulo en el f\u00fatbol europeo esta temporada. El mediocampista del Atl\u00e9tico de Madrid forma parte de un equipo que ha sabido competir al m\u00e1ximo nivel en la Champions League, logrando su pase a las semifinales tras superar una exigente eliminatoria frente al Barcelona.<\/p>\n\n\n\n<p>Bajo la direcci\u00f3n de Diego Simeone, el conjunto rojiblanco demostr\u00f3 una identidad clara basada en el orden, la intensidad y la paciencia. En ese contexto, aunque Vargas no ha tenido participaci\u00f3n directa en los partidos de esta fase, su inclusi\u00f3n constante en las convocatorias refleja la confianza del cuerpo t\u00e9cnico y su integraci\u00f3n dentro del grupo.<\/p>\n\n\n\n<p>El panorama contrasta con el de otros mexicanos en Europa como Orbel\u00edn Pineda, \u00c1lvaro Fidalgo y Mateo Ch\u00e1vez, quienes quedaron eliminados en torneos como la Europa League y la Conference League.<\/p>\n\n\n\n<p>M\u00e1s all\u00e1 de los minutos en cancha, el proceso de Vargas evidencia la importancia de la adaptaci\u00f3n y la paciencia en clubes de \u00e9lite. Su presencia en semifinales lo coloca en una posici\u00f3n destacada, siendo el primer mexicano desde Javier Hern\u00e1ndez en la temporada 2010-11 en alcanzar esta instancia.<\/p>\n\n\n\n<p>De cara a la recta final del torneo, su crecimiento contin\u00faa dentro de un entorno altamente competitivo, con la posibilidad latente de sumar minutos y consolidar su desarrollo en el m\u00e1ximo escenario del f\u00fatbol europeo.<\/p>\n\n\n\n<figure class=\"wp-block-embed is-type-rich is-provider-twitter wp-block-embed-twitter\"><div class=\"wp-block-embed__wrapper\">\n<blockquote class=\"twitter-tweet\" data-width=\"500\" data-dnt=\"true\"><p lang=\"es\" dir=\"ltr\">Arranca la rueda de prensa de Simeone y Koke previa al Atleti-Arsenal.<br>S\u00edguela en directo en nuestro canal de YouTube \ud83d\udcfd\ufe0f<br><br>\u27a1\ufe0f <a href=\"https:\/\/t.co\/iKGdisJL09\">https:\/\/t.co\/iKGdisJL09<\/a> <a href=\"https:\/\/t.co\/9f4N9fzQPi\">pic.twitter.com\/9f4N9fzQPi<\/a><\/p>&mdash; Atl\u00e9tico de Madrid (@Atleti) <a href=\"https:\/\/twitter.com\/Atleti\/status\/2049081288976388405?ref_src=twsrc%5Etfw\" target=\"_blank\" rel=\"noopener\">April 28, 2026<\/a><\/blockquote><script async src=\"https:\/\/platform.twitter.com\/widgets.js\" charset=\"utf-8\"><\/script>\n<\/div><\/figure>\n","protected":false},"excerpt":{"rendered":"<p>El mexicano Obed Vargas atraviesa un momento importante en su joven carrera al mantenerse como el \u00fanico futbolista azteca con posibilidades de conquistar un t\u00edtulo en el f\u00fatbol europeo esta temporada. El mediocampista del Atl\u00e9tico de Madrid forma parte de un equipo que ha sabido competir al m\u00e1ximo nivel en la Champions League, logrando su [&hellip;]<\/p>\n","protected":false},"author":20,"featured_media":10458,"comment_status":"closed","ping_status":"closed","sticky":false,"template":"","format":"standard","meta":{"_acf_changed":false,"footnotes":""},"categories":[47],"tags":[231,792,797,2090],"label":[],"country":[1477],"class_list":["post-10457","post","type-post","status-publish","format-standard","has-post-thumbnail","hentry","category-champions-league","tag-arsenal","tag-atletico-madrid","tag-champions","tag-obed-vargas","country-mexico"],"acf":[],"_links":{"self":[{"href":"https:\/\/betsson.sport\/es\/wp-json\/wp\/v2\/posts\/10457","targetHints":{"allow":["GET"]}}],"collection":[{"href":"https:\/\/betsson.sport\/es\/wp-json\/wp\/v2\/posts"}],"about":[{"href":"https:\/\/betsson.sport\/es\/wp-json\/wp\/v2\/types\/post"}],"author":[{"embeddable":true,"href":"https:\/\/betsson.sport\/es\/wp-json\/wp\/v2\/users\/20"}],"replies":[{"embeddable":true,"href":"https:\/\/betsson.sport\/es\/wp-json\/wp\/v2\/comments?post=10457"}],"version-history":[{"count":0,"href":"https:\/\/betsson.sport\/es\/wp-json\/wp\/v2\/posts\/10457\/revisions"}],"wp:featuredmedia":[{"embeddable":true,"href":"https:\/\/betsson.sport\/es\/wp-json\/wp\/v2\/media\/10458"}],"wp:attachment":[{"href":"https:\/\/betsson.sport\/es\/wp-json\/wp\/v2\/media?parent=10457"}],"wp:term":[{"taxonomy":"category","embeddable":true,"href":"https:\/\/betsson.sport\/es\/wp-json\/wp\/v2\/categories?post=10457"},{"taxonomy":"post_tag","embeddable":true,"href":"https:\/\/betsson.sport\/es\/wp-json\/wp\/v2\/tags?post=10457"},{"taxonomy":"label","embeddable":true,"href":"https:\/\/betsson.sport\/es\/wp-json\/wp\/v2\/label?post=10457"},{"taxonomy":"country","embeddable":true,"href":"https:\/\/betsson.sport\/es\/wp-json\/wp\/v2\/country?post=10457"}],"curies":[{"name":"wp","href":"https:\/\/api.w.org\/{rel}","templated":true}]}}