{"id":10459,"date":"2026-04-28T13:39:42","date_gmt":"2026-04-28T16:39:42","guid":{"rendered":"https:\/\/betsson.sport\/es\/?p=10459"},"modified":"2026-04-28T13:39:44","modified_gmt":"2026-04-28T16:39:44","slug":"aguirre-destapa-su-primera-lista-rumbo-al-mundial-2026-con-sorpresas-y-juventud","status":"publish","type":"post","link":"https:\/\/betsson.sport\/es\/noticias\/futbol\/mundial\/aguirre-destapa-su-primera-lista-rumbo-al-mundial-2026-con-sorpresas-y-juventud\/","title":{"rendered":"Aguirre destapa su primera lista rumbo al Mundial 2026 con sorpresas y juventud"},"content":{"rendered":"\n<p>Por fin se dio a conocer la primera lista de convocados de la Selecci\u00f3n Mexicana dirigida por Javier Aguirre rumbo a la Copa Mundial de la FIFA 2026. Este primer llamado, compuesto por 20 jugadores de la Liga MX, marca el inicio del proceso inmediato de preparaci\u00f3n de cara a los amistosos previos al debut del 11 de junio.<\/p>\n\n\n\n<p>Entre las decisiones que m\u00e1s llamaron la atenci\u00f3n est\u00e1 la ausencia de Carlos Rodr\u00edguez, habitual en procesos recientes y pieza constante en convocatorias anteriores. Su no inclusi\u00f3n abre interrogantes sobre el rumbo que busca tomar el cuerpo t\u00e9cnico. A esto se suma el caso de Marcel Ruiz, quien qued\u00f3 fuera debido a una lesi\u00f3n de ligamentos, situaci\u00f3n que le impidi\u00f3 entrar en consideraci\u00f3n.<\/p>\n\n\n\n<p>Aguirre apost\u00f3 en esta primera lista por una base joven del f\u00fatbol local, dejando abierta la puerta para una segunda convocatoria en la que se integrar\u00e1n los jugadores que militan en el extranjero. Nombres como Iker Fimbres, Denzell Garc\u00eda, Jairo Torres y Kevin Casta\u00f1eda destacan como parte de esta renovaci\u00f3n, respaldados por su rendimiento reciente en sus respectivos clubes.<\/p>\n\n\n\n<p>Otra de las sorpresas es el llamado del delantero de Pumas, Guillermo Mart\u00ednez, quien entra en la \u00f3rbita del \u201cVasco\u201d como una opci\u00f3n de referencia ofensiva. Su perfil f\u00edsico lo coloca en competencia directa con atacantes como Armando Gonz\u00e1lez y Germ\u00e1n Berterame.<\/p>\n\n\n\n<p>La lista definitiva se entregar\u00e1 el 1 de junio, a pocos d\u00edas del arranque del torneo. Ser\u00e1 entonces cuando se integre el grupo completo con jugadores de Europa, MLS y Liga MX, conformando el plantel que representar\u00e1 a M\u00e9xico en la pr\u00f3xima Copa del Mundo.<\/p>\n\n\n\n<figure class=\"wp-block-embed is-type-rich is-provider-twitter wp-block-embed-twitter\"><div class=\"wp-block-embed__wrapper\">\n<blockquote class=\"twitter-tweet\" data-width=\"500\" data-dnt=\"true\"><p lang=\"es\" dir=\"ltr\">La Selecci\u00f3n Nacional de M\u00e9xico informa: <a href=\"https:\/\/t.co\/uNilEAaMBv\">pic.twitter.com\/uNilEAaMBv<\/a><\/p>&mdash; Selecci\u00f3n Nacional (@miseleccionmx) <a href=\"https:\/\/twitter.com\/miseleccionmx\/status\/2049126673245757530?ref_src=twsrc%5Etfw\" target=\"_blank\" rel=\"noopener\">April 28, 2026<\/a><\/blockquote><script async src=\"https:\/\/platform.twitter.com\/widgets.js\" charset=\"utf-8\"><\/script>\n<\/div><\/figure>\n\n\n\n<p><\/p>\n","protected":false},"excerpt":{"rendered":"<p>Por fin se dio a conocer la primera lista de convocados de la Selecci\u00f3n Mexicana dirigida por Javier Aguirre rumbo a la Copa Mundial de la FIFA 2026. Este primer llamado, compuesto por 20 jugadores de la Liga MX, marca el inicio del proceso inmediato de preparaci\u00f3n de cara a los amistosos previos al debut [&hellip;]<\/p>\n","protected":false},"author":20,"featured_media":10460,"comment_status":"closed","ping_status":"closed","sticky":true,"template":"","format":"standard","meta":{"_acf_changed":true,"footnotes":""},"categories":[1798],"tags":[2665,601,66,65,431,437],"label":[],"country":[1477],"class_list":["post-10459","post","type-post","status-publish","format-standard","has-post-thumbnail","hentry","category-mundial","tag-convocados","tag-javier-aguirre","tag-liga-mx","tag-mexico","tag-mundial-2026","tag-seleccion-mexicana","country-mexico"],"acf":[],"_links":{"self":[{"href":"https:\/\/betsson.sport\/es\/wp-json\/wp\/v2\/posts\/10459","targetHints":{"allow":["GET"]}}],"collection":[{"href":"https:\/\/betsson.sport\/es\/wp-json\/wp\/v2\/posts"}],"about":[{"href":"https:\/\/betsson.sport\/es\/wp-json\/wp\/v2\/types\/post"}],"author":[{"embeddable":true,"href":"https:\/\/betsson.sport\/es\/wp-json\/wp\/v2\/users\/20"}],"replies":[{"embeddable":true,"href":"https:\/\/betsson.sport\/es\/wp-json\/wp\/v2\/comments?post=10459"}],"version-history":[{"count":0,"href":"https:\/\/betsson.sport\/es\/wp-json\/wp\/v2\/posts\/10459\/revisions"}],"wp:featuredmedia":[{"embeddable":true,"href":"https:\/\/betsson.sport\/es\/wp-json\/wp\/v2\/media\/10460"}],"wp:attachment":[{"href":"https:\/\/betsson.sport\/es\/wp-json\/wp\/v2\/media?parent=10459"}],"wp:term":[{"taxonomy":"category","embeddable":true,"href":"https:\/\/betsson.sport\/es\/wp-json\/wp\/v2\/categories?post=10459"},{"taxonomy":"post_tag","embeddable":true,"href":"https:\/\/betsson.sport\/es\/wp-json\/wp\/v2\/tags?post=10459"},{"taxonomy":"label","embeddable":true,"href":"https:\/\/betsson.sport\/es\/wp-json\/wp\/v2\/label?post=10459"},{"taxonomy":"country","embeddable":true,"href":"https:\/\/betsson.sport\/es\/wp-json\/wp\/v2\/country?post=10459"}],"curies":[{"name":"wp","href":"https:\/\/api.w.org\/{rel}","templated":true}]}}