{"id":10466,"date":"2026-04-28T23:14:48","date_gmt":"2026-04-29T02:14:48","guid":{"rendered":"https:\/\/betsson.sport\/es\/?p=10466"},"modified":"2026-04-28T23:14:49","modified_gmt":"2026-04-29T02:14:49","slug":"la-u-necesita-levantar-cabeza-en-la-copa-libertadores","status":"publish","type":"post","link":"https:\/\/betsson.sport\/es\/noticias\/futbol\/copa-libertadores\/la-u-necesita-levantar-cabeza-en-la-copa-libertadores\/","title":{"rendered":"La U necesita levantar cabeza en la Copa Libertadores"},"content":{"rendered":"\n<p>Universitario de Deportes vive una situaci\u00f3n cr\u00edtica en esta primera parte del a\u00f1o. Los cremas cayeron ante Alianza Atl\u00e9tico el \u00faltimo domingo en el Monumental por 1-2, en un partido v\u00e1lido por la fecha 12 del Torneo Apertura, y quedaron ubicados en el cuarto lugar de la tabla, a ocho puntos de Alianza Lima y Los Chankas CYC, a falta de cinco jornadas para finalizar el primer certamen del a\u00f1o, lo cual casi lo deja fuera de la disputa por el t\u00edtulo.<\/p>\n\n\n\n<p>En Copa Libertadores, los merengues cayeron ante Coquimbo Unido en la fecha 2 jugando de locales y, en el debut, hab\u00edan igualado con Deportes Tolima en Colombia, lo cual los mantiene en el \u00faltimo lugar de su grupo con solo un punto.<\/p>\n\n\n\n<p>Todo lo anterior ha tra\u00eddo consigo decisiones duras y muy dr\u00e1sticas en el club, sobre todo por darse en esta etapa del a\u00f1o. Tanto Javier Rabanal, quien hab\u00eda sido designado como t\u00e9cnico en diciembre pasado, como \u00c1lvaro Barco, quien fue anunciado como gerente deportivo hace menos de nueve meses, fueron destituidos de sus cargos. El primero, luego de perder contra Melgar en la fecha 11 del torneo local, y el segundo hace algunas horas, a trav\u00e9s de un comunicado oficial.<\/p>\n\n\n\n<figure class=\"wp-block-embed is-type-rich is-provider-twitter wp-block-embed-twitter\"><div class=\"wp-block-embed__wrapper\">\n<blockquote class=\"twitter-tweet\" data-width=\"500\" data-dnt=\"true\"><p lang=\"es\" dir=\"ltr\">\ud83d\udcc3 Comunicado a la opini\u00f3n p\u00fablica: <a href=\"https:\/\/t.co\/HyWuShaesN\">pic.twitter.com\/HyWuShaesN<\/a><\/p>&mdash; Universitario (@Universitario) <a href=\"https:\/\/twitter.com\/Universitario\/status\/2049218374308102406?ref_src=twsrc%5Etfw\" target=\"_blank\" rel=\"noopener\">April 28, 2026<\/a><\/blockquote><script async src=\"https:\/\/platform.twitter.com\/widgets.js\" charset=\"utf-8\"><\/script>\n<\/div><\/figure>\n\n\n\n<p>En medio de ese contexto tan dif\u00edcil y adverso, los hoy dirigidos por Jorge Araujo deber\u00e1n recibir al siempre complicado Nacional de Uruguay este mi\u00e9rcoles desde las 21:00 horas en el Monumental de Ate, con la obligaci\u00f3n de ganar para seguir con chances claras de repetir lo conseguido el a\u00f1o pasado, cuando se metieron a los octavos de final del torneo continental.<\/p>\n\n\n\n<p>En el plano netamente deportivo, hay algunas novedades con relaci\u00f3n a las \u00faltimas presentaciones del equipo. Primero, Lizandro Alzugaray volver\u00e1 a integrar una lista de convocados luego de perderse cinco partidos por una lesi\u00f3n. Sekou Gassama tambi\u00e9n regresa a estar convocado para un partido \u2014Araujo no lo consider\u00f3 en los dos que dirigi\u00f3\u2014, pero Horacio Calcaterra, que sali\u00f3 con una dolencia ante Alianza Atl\u00e9tico, se perder\u00e1 el encuentro de Copa. Similar es el caso de Mat\u00edas Di Benedetto, quien no ser\u00e1 considerado por encontrarse en la etapa final de su recuperaci\u00f3n.<\/p>\n\n\n\n<p>Con un panorama complicado, los de Ate tratar\u00e1n de recurrir a su m\u00edstica hist\u00f3rica, a ese dicho muy de su identidad que reza que la \u2018U\u2019 es m\u00e1s grande que sus problemas y que en los momentos m\u00e1s dif\u00edciles es cuando m\u00e1s responde. Seguramente, con un marco imponente, buscar\u00e1 resarcirse de este mal momento y mirar el futuro con m\u00e1s optimismo. Veremos si le alcanza.<br><\/p>\n","protected":false},"excerpt":{"rendered":"<p>Universitario de Deportes en una situaci\u00f3n muy compleja recibe a Nacional de Uruguay por la fecha 3 de la fase de grupos de la Copa Libertadores 2026. <\/p>\n","protected":false},"author":17,"featured_media":10469,"comment_status":"closed","ping_status":"closed","sticky":false,"template":"","format":"standard","meta":{"_acf_changed":true,"footnotes":""},"categories":[156],"tags":[3032,3145,206,3058,106,223,204,3144],"label":[],"country":[],"class_list":["post-10466","post","type-post","status-publish","format-standard","has-post-thumbnail","hentry","category-copa-libertadores","tag-alvaro-barco-2","tag-el-tricampeon","tag-futbol-peruano","tag-jorge-araujo","tag-la-u","tag-peru-2","tag-universitario-de-deportes","tag-unversitario"],"acf":[],"_links":{"self":[{"href":"https:\/\/betsson.sport\/es\/wp-json\/wp\/v2\/posts\/10466","targetHints":{"allow":["GET"]}}],"collection":[{"href":"https:\/\/betsson.sport\/es\/wp-json\/wp\/v2\/posts"}],"about":[{"href":"https:\/\/betsson.sport\/es\/wp-json\/wp\/v2\/types\/post"}],"author":[{"embeddable":true,"href":"https:\/\/betsson.sport\/es\/wp-json\/wp\/v2\/users\/17"}],"replies":[{"embeddable":true,"href":"https:\/\/betsson.sport\/es\/wp-json\/wp\/v2\/comments?post=10466"}],"version-history":[{"count":0,"href":"https:\/\/betsson.sport\/es\/wp-json\/wp\/v2\/posts\/10466\/revisions"}],"wp:featuredmedia":[{"embeddable":true,"href":"https:\/\/betsson.sport\/es\/wp-json\/wp\/v2\/media\/10469"}],"wp:attachment":[{"href":"https:\/\/betsson.sport\/es\/wp-json\/wp\/v2\/media?parent=10466"}],"wp:term":[{"taxonomy":"category","embeddable":true,"href":"https:\/\/betsson.sport\/es\/wp-json\/wp\/v2\/categories?post=10466"},{"taxonomy":"post_tag","embeddable":true,"href":"https:\/\/betsson.sport\/es\/wp-json\/wp\/v2\/tags?post=10466"},{"taxonomy":"label","embeddable":true,"href":"https:\/\/betsson.sport\/es\/wp-json\/wp\/v2\/label?post=10466"},{"taxonomy":"country","embeddable":true,"href":"https:\/\/betsson.sport\/es\/wp-json\/wp\/v2\/country?post=10466"}],"curies":[{"name":"wp","href":"https:\/\/api.w.org\/{rel}","templated":true}]}}