{"id":10502,"date":"2026-04-29T12:56:43","date_gmt":"2026-04-29T15:56:43","guid":{"rendered":"https:\/\/betsson.sport\/es\/?p=10502"},"modified":"2026-04-29T12:56:44","modified_gmt":"2026-04-29T15:56:44","slug":"que-le-pasa-al-toro-la-extrana-y-preocupante-sequia-de-fernando-zampedri-que-tiene-en-vilo-a-la-uc","status":"publish","type":"post","link":"https:\/\/betsson.sport\/es\/noticias\/futbol\/copa-libertadores\/que-le-pasa-al-toro-la-extrana-y-preocupante-sequia-de-fernando-zampedri-que-tiene-en-vilo-a-la-uc\/","title":{"rendered":"\u00bfQu\u00e9 le pasa al Toro? La extra\u00f1a y preocupante sequ\u00eda de Fernando Zampedri que tiene en vilo a la UC"},"content":{"rendered":"\n<p>Se\u00f1ores, lo que vamos a analizar hoy es uno de esos fen\u00f3menos que desaf\u00edan la l\u00f3gica del f\u00fatbol chileno. Hablamos de <strong>Fernando \"El Toro\" Zampedri<\/strong>, el hombre r\u00e9cord, el que no perdona, el que tiene el arco entre ceja y ceja. Sin embargo, los datos y la realidad en cancha nos dicen algo que hace meses parec\u00eda imposible: <strong>el Toro lleva 6 partidos seguidos sin gritar un gol.<\/strong><\/p>\n\n\n\n<p>S\u00ed, ley\u00f3 bien. Desde aquel doblete estratosf\u00e9rico en la goleada 6-1 ante Palestino el pasado 2 de abril, el grito sagrado del capit\u00e1n cruzado se qued\u00f3 atorado en la garganta. Aqu\u00ed en <strong>Betsson.sport<\/strong> desglosamos esta racha que preocupa, pero que a la vez esconde n\u00fameros que a\u00fan asustan a cualquier defensa.<\/p>\n\n\n\n<hr class=\"wp-block-separator has-alpha-channel-opacity\" \/>\n\n\n\n<h3 class=\"wp-block-heading\">Una racha que no parece propia de \u00e9l<\/h3>\n\n\n\n<p>Si miramos el historial reciente, la sequ\u00eda comenz\u00f3 en la dura derrota ante <strong>Boca Juniors<\/strong> por Libertadores. Desde ah\u00ed, el Toro pas\u00f3 en blanco ante <strong>Audax Italiano<\/strong>, la hist\u00f3rica victoria contra <strong>Cruzeiro<\/strong> en Brasil, el tropiezo con <strong>Uni\u00f3n La Calera<\/strong> y el reciente <strong>Cl\u00e1sico Universitario<\/strong> ante la U.<\/p>\n\n\n\n<ul class=\"wp-block-list\">\n<li><strong>Minutos de sequ\u00eda:<\/strong> Son m\u00e1s de 500 minutos donde el bal\u00f3n se ha negado a entrar.<\/li>\n\n\n\n<li><strong>Calificaciones en baja:<\/strong> En sus \u00faltimos tres partidos de liga, Zampedri no ha superado el <strong>6.3 de valoraci\u00f3n<\/strong> (seg\u00fan Sofascore), reflejando que la falta de gol est\u00e1 afectando su peso en el juego. Su mapa de calor muestra que sigue merodeando el \u00e1rea con la intensidad de siempre, pero la puntada final no llega.<\/li>\n<\/ul>\n\n\n\n<h3 class=\"wp-block-heading\">El \"vaso medio lleno\": Un promedio que sigue siendo de \u00e9lite<\/h3>\n\n\n\n<p>A pesar de estos 6 encuentros de \"vacas flacas\", los n\u00fameros globales de Zampedri en este 2026 siguen siendo una locura. Cualquier otro delantero so\u00f1ar\u00eda con su \"crisis\":<\/p>\n\n\n\n<ul class=\"wp-block-list\">\n<li><strong>Liga de Primera:<\/strong> 11 goles en 11 partidos (Promedio de 1 gol por encuentro).<\/li>\n\n\n\n<li><strong>Temporada total:<\/strong> 13 goles en 14 partidos oficiales.<\/li>\n\n\n\n<li><strong>Frecuencia goleadora:<\/strong> Anota cada <strong>89 minutos<\/strong> en el torneo local.<\/li>\n<\/ul>\n\n\n\n<p>B\u00e1sicamente, el Toro hizo tanto trabajo al principio de la temporada que hoy, incluso sin anotar hace un mes, sigue siendo el m\u00e1ximo referente ofensivo del pa\u00eds.<\/p>\n\n\n\n<h3 class=\"wp-block-heading\">La UC aprende a vivir sin sus goles<\/h3>\n\n\n\n<p>Lo m\u00e1s curioso de esta etapa es que la <strong>Universidad Cat\u00f3lica<\/strong> de Daniel Garnero ha sabido repartir la carga. Mientras Zampedri lucha contra los postes, aparecieron nombres como <strong>Justo Giani<\/strong> y <strong>Jimmy Mart\u00ednez<\/strong> para rescatar puntos de oro, como en aquel \"Mineirazo\" ante Cruzeiro.<\/p>\n\n\n\n<p>Sin embargo, el hincha cruzado sabe que para pelear cosas grandes \u2014especialmente en el \"Grupo de la Muerte\" de la Libertadores\u2014 el Toro debe estar afilado. La dependencia emocional del equipo con su goleador es total; cuando Zampedri anota, la UC juega con otra confianza.<\/p>\n\n\n\n<hr class=\"wp-block-separator has-alpha-channel-opacity\" \/>\n\n\n\n<h3 class=\"wp-block-heading\">\u00bfSer\u00e1 Guayaquil el lugar de la redenci\u00f3n?<\/h3>\n\n\n\n<p>Hoy mi\u00e9rcoles 29 de abril, la Franja se mete en el Monumental de <strong>Barcelona SC<\/strong>. Es el escenario perfecto. Un partido de \"vida o muerte\" continental donde la jerarqu\u00eda de Zampedri es m\u00e1s necesaria que nunca.<\/p>\n\n\n\n<p><strong>\u00bfCreen que el Toro romper\u00e1 la racha ante los ecuatorianos o la sequ\u00eda se extender\u00e1 a un s\u00e9ptimo partido?<\/strong> El f\u00fatbol es de rachas, y todos sabemos que cuando al Toro se le abre el arco, ya no para m\u00e1s.<\/p>\n\n\n\n<p>Comparte esta nota con tu amigo Cruzado y vivamos juntos la Copa Libertadores en <strong>Betsson.sport<\/strong>.<\/p>\n","protected":false},"excerpt":{"rendered":"<p>Desde aquel doblete estratosf\u00e9rico en la goleada 6-1 ante Palestino el pasado 2 de abril, el grito sagrado del capit\u00e1n cruzado se qued\u00f3 atorado en la garganta. <\/p>\n","protected":false},"author":19,"featured_media":10503,"comment_status":"closed","ping_status":"closed","sticky":false,"template":"","format":"standard","meta":{"_acf_changed":true,"footnotes":""},"categories":[156],"tags":[1066,2600,1759,864,3150,1062,648],"label":[],"country":[1475],"class_list":["post-10502","post","type-post","status-publish","format-standard","has-post-thumbnail","hentry","category-copa-libertadores","tag-fernando-zampedri","tag-jimmy-martinez","tag-justo-giani","tag-los-cruzados","tag-toro","tag-uc","tag-universidad-catolica","country-chile"],"acf":[],"_links":{"self":[{"href":"https:\/\/betsson.sport\/es\/wp-json\/wp\/v2\/posts\/10502","targetHints":{"allow":["GET"]}}],"collection":[{"href":"https:\/\/betsson.sport\/es\/wp-json\/wp\/v2\/posts"}],"about":[{"href":"https:\/\/betsson.sport\/es\/wp-json\/wp\/v2\/types\/post"}],"author":[{"embeddable":true,"href":"https:\/\/betsson.sport\/es\/wp-json\/wp\/v2\/users\/19"}],"replies":[{"embeddable":true,"href":"https:\/\/betsson.sport\/es\/wp-json\/wp\/v2\/comments?post=10502"}],"version-history":[{"count":0,"href":"https:\/\/betsson.sport\/es\/wp-json\/wp\/v2\/posts\/10502\/revisions"}],"wp:featuredmedia":[{"embeddable":true,"href":"https:\/\/betsson.sport\/es\/wp-json\/wp\/v2\/media\/10503"}],"wp:attachment":[{"href":"https:\/\/betsson.sport\/es\/wp-json\/wp\/v2\/media?parent=10502"}],"wp:term":[{"taxonomy":"category","embeddable":true,"href":"https:\/\/betsson.sport\/es\/wp-json\/wp\/v2\/categories?post=10502"},{"taxonomy":"post_tag","embeddable":true,"href":"https:\/\/betsson.sport\/es\/wp-json\/wp\/v2\/tags?post=10502"},{"taxonomy":"label","embeddable":true,"href":"https:\/\/betsson.sport\/es\/wp-json\/wp\/v2\/label?post=10502"},{"taxonomy":"country","embeddable":true,"href":"https:\/\/betsson.sport\/es\/wp-json\/wp\/v2\/country?post=10502"}],"curies":[{"name":"wp","href":"https:\/\/api.w.org\/{rel}","templated":true}]}}