{"id":16264,"date":"2026-08-31T09:47:24","date_gmt":"2026-08-31T12:47:24","guid":{"rendered":"https:\/\/betsson.sport\/es\/?p=16264"},"modified":"2026-08-31T11:57:14","modified_gmt":"2026-08-31T14:57:14","slug":"ortiz-no-se-apresura-pese-a-la-cercania-del-titulo-la-diferencia-de-puntos-es-notoria-pero-esto-es-futbol","status":"publish","type":"post","link":"https:\/\/betsson.sport\/es\/noticias\/futbol\/liga-primera-chile\/ortiz-no-se-apresura-pese-a-la-cercania-del-titulo-la-diferencia-de-puntos-es-notoria-pero-esto-es-futbol\/","title":{"rendered":"Ortiz no se apresura pese a la cercan\u00eda del t\u00edtulo: \"La diferencia de puntos es notoria, pero esto es f\u00fatbol\""},"content":{"rendered":"\n<p class=\"wp-block-paragraph\">Fernando Ortiz&nbsp;intenta frenar la euforia y cumplir cada paso con responsabilidad rumbo a la estrella n\u00famero 35 en el f\u00fatbol chileno, tras la gran distancia que extendi\u00f3&nbsp;Colo Colo&nbsp;respecto de su perseguidor gracias al 5-1 firmado ante&nbsp;Audax Italiano.<\/p>\n\n\n\n<p class=\"wp-block-paragraph\">El Cacique se impuso en el Estadio Monumental a partir de los dobletes de Javier Correa y Leandro Hern\u00e1ndez, sumado al gol de&nbsp;Lautaro Pastr\u00e1n (el argentino&nbsp;Giovani Chiaverano descont\u00f3 para la visita), en un partido dominante en el que tuvo un&nbsp;60.9% de tenencia de bal\u00f3n, adem\u00e1s de 19 remates totales contra 9 de los Tanos.&nbsp;<\/p>\n\n\n\n<p class=\"wp-block-paragraph\">Este contexto deja a los de Macul en una inmejorable posici\u00f3n para apoderarse de la Liga de Primera 2026, ya que con 52 puntos aventaja por 16 a&nbsp;Universidad de Chile&nbsp;(cay\u00f3 2-1 ante Universidad de Concepci\u00f3n) cuando quedan nueve fechas por jugar, es decir 27 unidades en juego.<\/p>\n\n\n\n<p class=\"wp-block-paragraph\">De todas maneras, el t\u00e9cnico argentino pide calma y completar el objetivo con el mismo enfoque. \"A decir&nbsp;verdad, no conseguimos nada. Si bien la ventaja es notoria, el partido m\u00e1s importante lo tenemos el domingo, contra un gran rival y en una cancha muy dif\u00edcil\", aclar\u00f3 Ortiz compenetrado ya en lo que ser\u00e1 la visita a Huachipato (12\u00ba), m\u00e1s que en lo que dice la tabla.<\/p>\n\n\n\n<figure class=\"wp-block-embed is-type-rich is-provider-x wp-block-embed-x\"><div class=\"wp-block-embed__wrapper\">\n<blockquote class=\"twitter-tweet\" data-width=\"500\" data-dnt=\"true\"><p lang=\"es\" dir=\"ltr\">\u00a1\ud835\udc05\ud835\udc08\ud835\udc0d \ud835\udc03\ud835\udc04\ud835\udc0b \ud835\udc0f\ud835\udc00\ud835\udc11\ud835\udc13\ud835\udc08\ud835\udc03\ud835\udc0e \ud835\udc04\ud835\udc0d \ud835\udc0b\ud835\udc00 \ud835\udc11\ud835\udc14\ud835\udc02\ud835\udc00! \ud83e\udd1f\ud83c\udffb<br><br>Con goles de Javier Correa (x2), Lautaro Pastr\u00e1n y  Leandro Hern\u00e1ndez (x2), derrotamos por 5\ufe0f\u20e3-1\ufe0f\u20e3 a Audax Italiano en el Monumental por la fecha 21 de la Liga de Primera \ud83c\udfc6\ud83c\udde8\ud83c\uddf1<br><br>Presentado por @jetour_chile<a href=\"https:\/\/x.com\/hashtag\/VamosColoColo?src=hash&amp;ref_src=twsrc%5Etfw\">#VamosColoColo<\/a> <a href=\"https:\/\/t.co\/dGUYHSAkJU\">pic.twitter.com\/dGUYHSAkJU<\/a><\/p>&mdash; Colo-Colo (@ColoColo) <a href=\"https:\/\/x.com\/ColoColo\/status\/2094209365754491189?ref_src=twsrc%5Etfw\">August 30, 2026<\/a><\/blockquote><script async src=\"https:\/\/platform.x.com\/widgets.js\" charset=\"utf-8\"><\/script>\n<\/div><\/figure>\n\n\n\n<p class=\"wp-block-paragraph\">Asimismo, el ex estratega de la Liga MX insisti\u00f3:&nbsp;\"No hemos logrado nada. La diferencia de puntos es notoria, pero esto es f\u00fatbol y puede cambiar todo de una fecha a la otra. El martes tenemos que volver a trabajar\", afirm\u00f3.<\/p>\n\n\n\n<p class=\"wp-block-paragraph\">Por otro lado, quiso hacer un repaso acerca de c\u00f3mo creci\u00f3 el equipo desde su asunci\u00f3n.&nbsp;\"No es algo que tenga presente, pero sigo siendo el mismo desde que pis\u00e9 este gran club: ni era vendehumo cuando perd\u00eda y saludaba a todo el mundo, ni soy vendehumo ahora cuando saludo a todo el mundo. Saben que soy la misma persona. Feliz, pero esto contin\u00faa\", plante\u00f3.<\/p>\n\n\n\n<p class=\"wp-block-paragraph\">Incluso, el nacido en Corral de Bustos quiso agradecer el respaldo que ha sentido del club desde el primer d\u00eda. \"Me han dado la libertad de poder trabajar. El t\u00e9cnico vive de resultados, pero nos han permitido trabajar tranquilos. Trato a todos por igual, independientemente del rango que cumplan las personas con las que me toca estar\", asegur\u00f3.<\/p>\n\n\n\n<p class=\"wp-block-paragraph\">Con este panorama, Colo Colo se siente muy cerca de celebrar un nuevo t\u00edtulo, para suceder al \u00faltimo ganador, Coquimbo Unido, y&nbsp;el primero desde 2024 para dejar definitivamente en el olvido lo que fue un 2025 vac\u00edo de logros.<\/p>\n\n\n\n<p class=\"wp-block-paragraph\">En el mejor de los casos, el Cacique ser\u00eda campe\u00f3n en la fecha 23 siempre y cuando se produzca una combinaci\u00f3n de resultados: que gane en sus dos pr\u00f3ximas presentaciones y la U de Chile (as\u00ed como la Cat\u00f3lica) pierda su par de partidos inminentes.<\/p>\n","protected":false},"excerpt":{"rendered":"<p>Tras el 5-1 sobre Audax Italiano, sumado al tropiezo de la U de Chile, el entrenador de Colo Colo intenta tomarse con calma la recta final de una Liga que parece tener servida en bandeja.<\/p>\n","protected":false},"author":23,"featured_media":16265,"comment_status":"closed","ping_status":"closed","sticky":false,"template":"","format":"standard","meta":{"_acf_changed":true,"footnotes":""},"categories":[1788],"tags":[1352,103,874,331,472,102],"label":[],"country":[1475],"class_list":["post-16264","post","type-post","status-publish","format-standard","has-post-thumbnail","hentry","category-liga-primera-chile","tag-audax-italiano","tag-colo-colo","tag-fernando-ortiz","tag-futbol-chileno","tag-liga-chilena","tag-universidad-de-chile","country-chile"],"acf":[],"_links":{"self":[{"href":"https:\/\/betsson.sport\/es\/wp-json\/wp\/v2\/posts\/16264","targetHints":{"allow":["GET"]}}],"collection":[{"href":"https:\/\/betsson.sport\/es\/wp-json\/wp\/v2\/posts"}],"about":[{"href":"https:\/\/betsson.sport\/es\/wp-json\/wp\/v2\/types\/post"}],"author":[{"embeddable":true,"href":"https:\/\/betsson.sport\/es\/wp-json\/wp\/v2\/users\/23"}],"replies":[{"embeddable":true,"href":"https:\/\/betsson.sport\/es\/wp-json\/wp\/v2\/comments?post=16264"}],"version-history":[{"count":0,"href":"https:\/\/betsson.sport\/es\/wp-json\/wp\/v2\/posts\/16264\/revisions"}],"wp:featuredmedia":[{"embeddable":true,"href":"https:\/\/betsson.sport\/es\/wp-json\/wp\/v2\/media\/16265"}],"wp:attachment":[{"href":"https:\/\/betsson.sport\/es\/wp-json\/wp\/v2\/media?parent=16264"}],"wp:term":[{"taxonomy":"category","embeddable":true,"href":"https:\/\/betsson.sport\/es\/wp-json\/wp\/v2\/categories?post=16264"},{"taxonomy":"post_tag","embeddable":true,"href":"https:\/\/betsson.sport\/es\/wp-json\/wp\/v2\/tags?post=16264"},{"taxonomy":"label","embeddable":true,"href":"https:\/\/betsson.sport\/es\/wp-json\/wp\/v2\/label?post=16264"},{"taxonomy":"country","embeddable":true,"href":"https:\/\/betsson.sport\/es\/wp-json\/wp\/v2\/country?post=16264"}],"curies":[{"name":"wp","href":"https:\/\/api.w.org\/{rel}","templated":true}]}}