{"id":16301,"date":"2026-08-31T22:09:45","date_gmt":"2026-09-01T01:09:45","guid":{"rendered":"https:\/\/betsson.sport\/es\/?p=16301"},"modified":"2026-08-31T22:09:47","modified_gmt":"2026-09-01T01:09:47","slug":"del-bicampeonato-al-adios-alfredo-arias-deja-de-ser-tecnico-de-junior","status":"publish","type":"post","link":"https:\/\/betsson.sport\/es\/noticias\/futbol\/liga-colombia\/del-bicampeonato-al-adios-alfredo-arias-deja-de-ser-tecnico-de-junior\/","title":{"rendered":"Del bicampeonato al adi\u00f3s: Alfredo Arias deja de ser t\u00e9cnico de Junior"},"content":{"rendered":"\n<p class=\"wp-block-paragraph\">Junior de Barranquilla oficializ\u00f3 este domingo la salida de Alfredo Arias como director t\u00e9cnico, luego de llegar a un acuerdo con la directiva para terminar su v\u00ednculo con el club.<\/p>\n\n\n\n<p class=\"wp-block-paragraph\">La decisi\u00f3n llega pese al exitoso ciclo del entrenador uruguayo, quien llev\u00f3 al equipo a conquistar el bicampeonato de la Liga colombiana. Arias gan\u00f3 el torneo II-2025 frente a Deportes Tolima y el I-2026 contra Atl\u00e9tico Nacional, consiguiendo adem\u00e1s la duod\u00e9cima estrella en la historia del conjunto rojiblanco.<\/p>\n\n\n\n<p class=\"wp-block-paragraph\">Sin embargo, el presente semestre termin\u00f3 por sentenciar su continuidad. Junior apenas consigui\u00f3 dos puntos de los primeros 15 disputados y cay\u00f3 hasta los \u00faltimos lugares de la tabla. A esto se sum\u00f3 la eliminaci\u00f3n en la primera fase de la Copa Colombia ante Barranquilla FC.<\/p>\n\n\n\n<figure class=\"wp-block-image size-large\"><img decoding=\"async\" width=\"1024\" height=\"683\" src=\"https:\/\/betsson.sport\/es\/wp-content\/uploads\/2026\/08\/sdlAcLRKwTxI5M-nh-1024x683.jpg\" alt=\"\" class=\"wp-image-16305\" srcset=\"https:\/\/betsson.sport\/es\/wp-content\/uploads\/2026\/08\/sdlAcLRKwTxI5M-nh-1024x683.jpg 1024w, https:\/\/betsson.sport\/es\/wp-content\/uploads\/2026\/08\/sdlAcLRKwTxI5M-nh-420x280.jpg 420w, https:\/\/betsson.sport\/es\/wp-content\/uploads\/2026\/08\/sdlAcLRKwTxI5M-nh-768x512.jpg 768w, https:\/\/betsson.sport\/es\/wp-content\/uploads\/2026\/08\/sdlAcLRKwTxI5M-nh-1536x1024.jpg 1536w, https:\/\/betsson.sport\/es\/wp-content\/uploads\/2026\/08\/sdlAcLRKwTxI5M-nh-2048x1365.jpg 2048w, https:\/\/betsson.sport\/es\/wp-content\/uploads\/2026\/08\/sdlAcLRKwTxI5M-nh-540x360.jpg 540w\" sizes=\"(max-width: 1024px) 100vw, 1024px\" \/><figcaption class=\"wp-element-caption\">CR\u00c9DITO: LUIS ACOSTA \/ AFP \/ TT. <\/figcaption><\/figure>\n\n\n\n<p class=\"wp-block-paragraph\">El empate 1-1 ante Independiente Santa Fe en el Metropolitano fue el golpe definitivo. Arias cerr\u00f3 su etapa con 74 partidos dirigidos, 33 victorias, 18 empates y 23 derrotas, para un rendimiento del 52,7%. En su despedida, el uruguayo defendi\u00f3 su gesti\u00f3n: \u201cEn 101 a\u00f1os Junior gan\u00f3 10 t\u00edtulos, uno cada 10 a\u00f1os; yo gan\u00e9 2 en un a\u00f1o y he trabajado honestamente\u201d.<\/p>\n\n\n\n<p class=\"wp-block-paragraph\">Ahora, la directiva busca nuevo entrenador. Sebasti\u00e1n Viera aparece como principal candidato, mientras Jorge Luis Pinto y Julio Avelino Comesa\u00f1a tambi\u00e9n han sido relacionados con el cargo.<\/p>\n\n\n\n<figure class=\"wp-block-embed is-type-rich is-provider-x wp-block-embed-x\"><div class=\"wp-block-embed__wrapper\">\n<blockquote class=\"twitter-tweet\" data-width=\"500\" data-dnt=\"true\"><p lang=\"pt\" dir=\"ltr\">\ud83d\udea8 COMUNICADO OFICIAL <a href=\"https:\/\/t.co\/nD55MHtct1\">pic.twitter.com\/nD55MHtct1<\/a><\/p>&mdash; Junior FC (@JuniorClubSA) <a href=\"https:\/\/x.com\/JuniorClubSA\/status\/2094454246682824727?ref_src=twsrc%5Etfw\">August 31, 2026<\/a><\/blockquote><script async src=\"https:\/\/platform.x.com\/widgets.js\" charset=\"utf-8\"><\/script>\n<\/div><\/figure>\n","protected":false},"excerpt":{"rendered":"<p>El club rojiblanco puso fin al ciclo del entrenador uruguayo, quien dirigi\u00f3 74 partidos y conquist\u00f3 las dos \u00faltimas Ligas disputadas por el equipo.<\/p>\n","protected":false},"author":22,"featured_media":16306,"comment_status":"closed","ping_status":"closed","sticky":false,"template":"","format":"standard","meta":{"_acf_changed":false,"footnotes":""},"categories":[1791],"tags":[590,60,1297,586],"label":[],"country":[1476],"class_list":["post-16301","post","type-post","status-publish","format-standard","has-post-thumbnail","hentry","category-liga-colombia","tag-alfredo-arias","tag-colombia","tag-junior","tag-junior-de-barranquilla","country-colombia"],"acf":[],"_links":{"self":[{"href":"https:\/\/betsson.sport\/es\/wp-json\/wp\/v2\/posts\/16301","targetHints":{"allow":["GET"]}}],"collection":[{"href":"https:\/\/betsson.sport\/es\/wp-json\/wp\/v2\/posts"}],"about":[{"href":"https:\/\/betsson.sport\/es\/wp-json\/wp\/v2\/types\/post"}],"author":[{"embeddable":true,"href":"https:\/\/betsson.sport\/es\/wp-json\/wp\/v2\/users\/22"}],"replies":[{"embeddable":true,"href":"https:\/\/betsson.sport\/es\/wp-json\/wp\/v2\/comments?post=16301"}],"version-history":[{"count":0,"href":"https:\/\/betsson.sport\/es\/wp-json\/wp\/v2\/posts\/16301\/revisions"}],"wp:featuredmedia":[{"embeddable":true,"href":"https:\/\/betsson.sport\/es\/wp-json\/wp\/v2\/media\/16306"}],"wp:attachment":[{"href":"https:\/\/betsson.sport\/es\/wp-json\/wp\/v2\/media?parent=16301"}],"wp:term":[{"taxonomy":"category","embeddable":true,"href":"https:\/\/betsson.sport\/es\/wp-json\/wp\/v2\/categories?post=16301"},{"taxonomy":"post_tag","embeddable":true,"href":"https:\/\/betsson.sport\/es\/wp-json\/wp\/v2\/tags?post=16301"},{"taxonomy":"label","embeddable":true,"href":"https:\/\/betsson.sport\/es\/wp-json\/wp\/v2\/label?post=16301"},{"taxonomy":"country","embeddable":true,"href":"https:\/\/betsson.sport\/es\/wp-json\/wp\/v2\/country?post=16301"}],"curies":[{"name":"wp","href":"https:\/\/api.w.org\/{rel}","templated":true}]}}