{"id":16332,"date":"2026-09-01T14:50:41","date_gmt":"2026-09-01T17:50:41","guid":{"rendered":"https:\/\/betsson.sport\/es\/?p=16332"},"modified":"2026-09-01T14:50:42","modified_gmt":"2026-09-01T17:50:42","slug":"zampedri-dependencia-al-limite-la-dramatica-caida-que-sufriria-la-uc-en-el-torneo-sin-su-capitan-y-goleador","status":"publish","type":"post","link":"https:\/\/betsson.sport\/es\/noticias\/futbol\/liga-primera-chile\/zampedri-dependencia-al-limite-la-dramatica-caida-que-sufriria-la-uc-en-el-torneo-sin-su-capitan-y-goleador\/","title":{"rendered":"Zampedri-dependencia al l\u00edmite: La dram\u00e1tica ca\u00edda que sufrir\u00eda la UC en el torneo sin su capit\u00e1n y goleador"},"content":{"rendered":"\n<p class=\"wp-block-paragraph\">Con el cierre de la jornada 21 de la Liga de Primera y el torneo entrando en su recta m\u00e1s caliente, en Universidad Cat\u00f3lica hay una certeza matem\u00e1tica indiscutible: Fernando Zampedri es el \u00fanico sost\u00e9n competitivo del equipo en este 2026. Mientras Colo Colo se escapa en la cima con 52 unidades y Universidad de Chile tropieza dejando al rojo vivo la pelea por el \"Chile 2\", la Franja se mantiene en la conversaci\u00f3n grande exclusivamente gracias al poder de fuego de su capit\u00e1n y goleador hist\u00f3rico.<\/p>\n\n\n\n<p class=\"wp-block-paragraph\">Sin embargo, al pasar la tijera y restar la incidencia directa del 'Toro' en las redes y asistencias durante esta temporada, el panorama cruzado se transforma en una pel\u00edcula de terror.<\/p>\n\n\n\n<h4 class=\"wp-block-heading\"><strong>El c\u00e1lculo matem\u00e1tico: \u00bfD\u00f3nde estar\u00eda la UC sin los goles del 'Toro'?<\/strong><\/h4>\n\n\n\n<p class=\"wp-block-paragraph\">La influencia de Zampedri va mucho m\u00e1s all\u00e1 de su liderazgo an\u00edmico; es quien destraba los partidos cerrados y rescata unidades sobre la hora. Al descontar los tantos con los que abri\u00f3 marcadores, las definiciones ag\u00f3nicas en los descuentos y los penales decisivos que transformaron empates en triunfos:<\/p>\n\n\n\n<ul class=\"wp-block-list\">\n<li><strong>Puntos reales en cancha:<\/strong> La UC se ubica en el podio disput\u00e1ndole palmo a palmo el subliderato y la clasificaci\u00f3n directa a Copa Libertadores a la U (36 pts).<\/li>\n\n\n\n<li><strong>Puntos restados por influencia directa del 'Toro':<\/strong> 14 unidades menos en lo que va de campeonato.<\/li>\n\n\n\n<li><strong>Cosecha real sin su aporte:<\/strong> El cuadro de Daniel Garnero sumar\u00eda apenas <strong>19 puntos<\/strong>.<\/li>\n\n\n\n<li><strong>Ubicaci\u00f3n en la tabla:<\/strong> En lugar de pelear por copas internacionales, Cat\u00f3lica caer\u00eda de golpe al <strong>puesto 14\u00b0<\/strong>, superando \u00fanicamente a Cobresal (21 pts) y Uni\u00f3n La Calera (14 pts), metida de lleno en la angustia por no descender.<\/li>\n<\/ul>\n\n\n\n<h4 class=\"wp-block-heading\"><strong>El apag\u00f3n total: 0 goles a favor en el partido m\u00e1s importante<\/strong><\/h4>\n\n\n\n<p class=\"wp-block-paragraph\">Si el ejercicio estad\u00edstico asusta, la realidad emp\u00edrica cuando Zampedri no se puso la camiseta este a\u00f1o es todav\u00eda m\u00e1s lapidaria. La UC, con el Toro ausente por suspensi\u00f3n, fue un equipo inerte, predecible y sin peso en el \u00e1rea rival:<\/p>\n\n\n\n<ul class=\"wp-block-list\">\n<li><strong>La eliminaci\u00f3n copera frente a Estudiantes (0-3):<\/strong> En la noche m\u00e1s importante del semestre en el Claro Arena, su suspensi\u00f3n por tarjetas amarillas oblig\u00f3 a improvisar a Justo Giani en ataque. El resultado fue una despedida continental sin remates claros al arco y con una delantera completamente desconectada.<\/li>\n<\/ul>\n\n\n\n<h4 class=\"wp-block-heading\"><strong>Un salvavidas que maquilla las grietas del plantel<\/strong><\/h4>\n\n\n\n<p class=\"wp-block-paragraph\">La sobredependencia no solo responde a la jerarqu\u00eda individual del santafesino, sino a las falencias estructurales del plantel tras un mercado de pases donde no llegaron variantes de peso en ataque. Con extremos juveniles a\u00fan en desarrollo y volantes con poco gol, toda la responsabilidad ofensiva recae sobre sus hombros.<\/p>\n\n\n\n<p class=\"wp-block-paragraph\">Hoy por hoy, Zampedri es la muralla que separa a la UC de estar peleando el acceso directo a la fase de grupos de la Copa Libertadores de caer a una crisis institucional en la parte baja. Con nueve fechas por delante, la salud y la efectividad del 'Toro' ser\u00e1n el \u00fanico term\u00f3metro para saber si San Carlos de Apoquindo festejar\u00e1 a fin de a\u00f1o o sufrir\u00e1 las consecuencias de no tener un plan B.<\/p>\n","protected":false},"excerpt":{"rendered":"<p>La influencia de Zampedri va mucho m\u00e1s all\u00e1 de su liderazgo an\u00edmico; es quien destraba los partidos cerrados y rescata unidades sobre la hora.<\/p>\n","protected":false},"author":19,"featured_media":16333,"comment_status":"closed","ping_status":"closed","sticky":false,"template":"","format":"standard","meta":{"_acf_changed":true,"footnotes":""},"categories":[1788],"tags":[73,360,1066,331,333,864,701],"label":[],"country":[],"class_list":["post-16332","post","type-post","status-publish","format-standard","has-post-thumbnail","hentry","category-liga-primera-chile","tag-chile","tag-copa-libertadores","tag-fernando-zampedri","tag-futbol-chileno","tag-liga-de-primera","tag-los-cruzados","tag-universidad-catolica-2"],"acf":[],"_links":{"self":[{"href":"https:\/\/betsson.sport\/es\/wp-json\/wp\/v2\/posts\/16332","targetHints":{"allow":["GET"]}}],"collection":[{"href":"https:\/\/betsson.sport\/es\/wp-json\/wp\/v2\/posts"}],"about":[{"href":"https:\/\/betsson.sport\/es\/wp-json\/wp\/v2\/types\/post"}],"author":[{"embeddable":true,"href":"https:\/\/betsson.sport\/es\/wp-json\/wp\/v2\/users\/19"}],"replies":[{"embeddable":true,"href":"https:\/\/betsson.sport\/es\/wp-json\/wp\/v2\/comments?post=16332"}],"version-history":[{"count":0,"href":"https:\/\/betsson.sport\/es\/wp-json\/wp\/v2\/posts\/16332\/revisions"}],"wp:featuredmedia":[{"embeddable":true,"href":"https:\/\/betsson.sport\/es\/wp-json\/wp\/v2\/media\/16333"}],"wp:attachment":[{"href":"https:\/\/betsson.sport\/es\/wp-json\/wp\/v2\/media?parent=16332"}],"wp:term":[{"taxonomy":"category","embeddable":true,"href":"https:\/\/betsson.sport\/es\/wp-json\/wp\/v2\/categories?post=16332"},{"taxonomy":"post_tag","embeddable":true,"href":"https:\/\/betsson.sport\/es\/wp-json\/wp\/v2\/tags?post=16332"},{"taxonomy":"label","embeddable":true,"href":"https:\/\/betsson.sport\/es\/wp-json\/wp\/v2\/label?post=16332"},{"taxonomy":"country","embeddable":true,"href":"https:\/\/betsson.sport\/es\/wp-json\/wp\/v2\/country?post=16332"}],"curies":[{"name":"wp","href":"https:\/\/api.w.org\/{rel}","templated":true}]}}