{"id":16334,"date":"2026-09-01T12:55:19","date_gmt":"2026-09-01T15:55:19","guid":{"rendered":"https:\/\/betsson.sport\/es\/?p=16334"},"modified":"2026-09-01T14:58:30","modified_gmt":"2026-09-01T17:58:30","slug":"di-maria-se-enfoca-en-un-nuevo-titulo-con-central-fecha-definida-para-la-supercopa-internacional","status":"publish","type":"post","link":"https:\/\/betsson.sport\/es\/noticias\/futbol\/liga-profesional-argentina\/di-maria-se-enfoca-en-un-nuevo-titulo-con-central-fecha-definida-para-la-supercopa-internacional\/","title":{"rendered":"Di Mar\u00eda se enfoca en un nuevo t\u00edtulo con Central: fecha definida para la Supercopa Internacional"},"content":{"rendered":"\n<p class=\"wp-block-paragraph\">\u00c1ngel Di Mar\u00eda&nbsp;tiene la posibilidad de celebrar su segundo t\u00edtulo con la camiseta del club de sus amores,&nbsp;Rosario Central, cuando se enfrente el s\u00e1bado 26 de septiembre con&nbsp;Estudiantes de La Plata, en el marco de la&nbsp;Supercopa Internacional.<\/p>\n\n\n\n<p class=\"wp-block-paragraph\">Fideo volvi\u00f3 a mediados del a\u00f1o pasado para su segunda etapa en el Canalla, despu\u00e9s de su primer ciclo entre 2005 y 2007, el cual antecedi\u00f3 su salida al f\u00fatbol del exterior para vivir destacadas experiencias en el Real Madrid, el PSG, el Benfica -en dos per\u00edodos- y una m\u00e1s acotada en el Manchester United.<\/p>\n\n\n\n<figure class=\"wp-block-image size-full\"><img decoding=\"async\" width=\"768\" height=\"511\" src=\"https:\/\/betsson.sport\/es\/wp-content\/uploads\/2026\/05\/c5e5ab4315e206092d6b690e6fa64000.webp\" alt=\"\" class=\"wp-image-10983\" srcset=\"https:\/\/betsson.sport\/es\/wp-content\/uploads\/2026\/05\/c5e5ab4315e206092d6b690e6fa64000.webp 768w, https:\/\/betsson.sport\/es\/wp-content\/uploads\/2026\/05\/c5e5ab4315e206092d6b690e6fa64000-420x279.webp 420w, https:\/\/betsson.sport\/es\/wp-content\/uploads\/2026\/05\/c5e5ab4315e206092d6b690e6fa64000-541x360.webp 541w\" sizes=\"(max-width: 768px) 100vw, 768px\" \/><figcaption class=\"wp-element-caption\">Foto: @Marcelo Manera<\/figcaption><\/figure>\n\n\n\n<p class=\"wp-block-paragraph\">El zurdo, a sus 38 a\u00f1os, se muestra vigente en cuanto a sus cualidades futbol\u00edsticas, aunque ha tomado mayores recaudos en cuanto a la parte f\u00edsica, tras haber lidiado con algunas molestias f\u00edsicas.<\/p>\n\n\n\n<p class=\"wp-block-paragraph\">Lo cierto es que el rosarino ha tenido una injerencia positiva en su equipo y lo ayud\u00f3 a liderar su grupo en el Torneo Clausura 2025; sus compa\u00f1eros tambi\u00e9n hab\u00edan conseguido este mismo logro en el Apertura, previo a que el campe\u00f3n del mundo regresara desde su club en Portugal.<\/p>\n\n\n\n<p class=\"wp-block-paragraph\">Sin embargo, en ambos cert\u00e1menes, Central tropez\u00f3 en los cuartos de final y los octavos, respectivamente, y no pudo coronarse. No obstante, la AFA sorprendi\u00f3 con la implementaci\u00f3n de un t\u00edtulo y reconoci\u00f3 al equipo rosarino como campe\u00f3n de la Liga Profesional de 2025 por haber sido el que m\u00e1s puntos sum\u00f3 (66, cuatro por encima de Boca).<\/p>\n\n\n\n<p class=\"wp-block-paragraph\">En efecto, mientras lucha por tener mayor regularidad en el Clausura (6\u00ba con 11 puntos al cabo de siete fechas), Central se enfoca en el duelo ante el Pincha platense a finales de este nuevo mes.<\/p>\n\n\n\n<figure class=\"wp-block-image size-large\"><img decoding=\"async\" width=\"1024\" height=\"681\" src=\"https:\/\/betsson.sport\/es\/wp-content\/uploads\/2026\/08\/sdlt5uAnUDoBl4-nh-1024x681.jpg\" alt=\"\" class=\"wp-image-15461\" srcset=\"https:\/\/betsson.sport\/es\/wp-content\/uploads\/2026\/08\/sdlt5uAnUDoBl4-nh-1024x681.jpg 1024w, https:\/\/betsson.sport\/es\/wp-content\/uploads\/2026\/08\/sdlt5uAnUDoBl4-nh-420x279.jpg 420w, https:\/\/betsson.sport\/es\/wp-content\/uploads\/2026\/08\/sdlt5uAnUDoBl4-nh-768x511.jpg 768w, https:\/\/betsson.sport\/es\/wp-content\/uploads\/2026\/08\/sdlt5uAnUDoBl4-nh-1536x1022.jpg 1536w, https:\/\/betsson.sport\/es\/wp-content\/uploads\/2026\/08\/sdlt5uAnUDoBl4-nh-2048x1363.jpg 2048w, https:\/\/betsson.sport\/es\/wp-content\/uploads\/2026\/08\/sdlt5uAnUDoBl4-nh-541x360.jpg 541w\" sizes=\"(max-width: 1024px) 100vw, 1024px\" \/><figcaption class=\"wp-element-caption\">(Foto: Marcelo Manera \/ AFP)<\/figcaption><\/figure>\n\n\n\n<p class=\"wp-block-paragraph\">En esta jornada de martes, la AFA dio precisiones sobre el evento, que se inaugur\u00f3 en 2022 y&nbsp;mide al vencedor del Trofeo de Campeones (Estudiantes super\u00f3 a Platense en dicho cruce) con el que m\u00e1s unidades consech\u00f3 el a\u00f1o pasado.<\/p>\n\n\n\n<p class=\"wp-block-paragraph\">\"\u00a1Todo confirmado! El pr\u00f3ximo s\u00e1bado 26 de septiembre, desde las 17, Estudiantes de La Plata y&nbsp;Rosario Central se enfrentar\u00e1n por la #SupercopaInternacional en el Estadio \u00danico Madre de Ciudades\", confirmaron desde el ente rector del f\u00fatbol argentino a trav\u00e9s de sus redes sociales.<\/p>\n\n\n\n<p class=\"wp-block-paragraph\">Mientras esta inminente edici\u00f3n se desarrollar\u00e1 en la provincia de Santiago del Estero, las anteriores fueron en el Estadio Hazza bin Zayed de Al Ain, en los Emiratos \u00c1rabes, y tuvo a Racing como ganador ante Boca; la del 2023 vio triunfar a Talleres de C\u00f3rdoba, en los penales contra River en el&nbsp;Estadio General Pablo Rojas de Asunci\u00f3n, y la \u00faltima disputada, a V\u00e9lez sobre Estudiantes en el&nbsp;Libertadores de Am\u00e9rica de Avellaneda.<\/p>\n","protected":false},"excerpt":{"rendered":"<p>Tras la obtenci\u00f3n de la Liga Profesional en 2025, Fideo buscar\u00e1 la conquista de un nuevo trofeo a finales de este mes, contra Estudiantes de La Plata.<\/p>\n","protected":false},"author":23,"featured_media":16335,"comment_status":"closed","ping_status":"closed","sticky":false,"template":"","format":"standard","meta":{"_acf_changed":true,"footnotes":""},"categories":[1786],"tags":[941,240,59,4353],"label":[],"country":[1473],"class_list":["post-16334","post","type-post","status-publish","format-standard","has-post-thumbnail","hentry","category-liga-profesional-argentina","tag-estudiantes-de-la-plata","tag-futbol-argentino","tag-rosario-central","tag-supercopa-internacional","country-argentina"],"acf":[],"_links":{"self":[{"href":"https:\/\/betsson.sport\/es\/wp-json\/wp\/v2\/posts\/16334","targetHints":{"allow":["GET"]}}],"collection":[{"href":"https:\/\/betsson.sport\/es\/wp-json\/wp\/v2\/posts"}],"about":[{"href":"https:\/\/betsson.sport\/es\/wp-json\/wp\/v2\/types\/post"}],"author":[{"embeddable":true,"href":"https:\/\/betsson.sport\/es\/wp-json\/wp\/v2\/users\/23"}],"replies":[{"embeddable":true,"href":"https:\/\/betsson.sport\/es\/wp-json\/wp\/v2\/comments?post=16334"}],"version-history":[{"count":0,"href":"https:\/\/betsson.sport\/es\/wp-json\/wp\/v2\/posts\/16334\/revisions"}],"wp:featuredmedia":[{"embeddable":true,"href":"https:\/\/betsson.sport\/es\/wp-json\/wp\/v2\/media\/16335"}],"wp:attachment":[{"href":"https:\/\/betsson.sport\/es\/wp-json\/wp\/v2\/media?parent=16334"}],"wp:term":[{"taxonomy":"category","embeddable":true,"href":"https:\/\/betsson.sport\/es\/wp-json\/wp\/v2\/categories?post=16334"},{"taxonomy":"post_tag","embeddable":true,"href":"https:\/\/betsson.sport\/es\/wp-json\/wp\/v2\/tags?post=16334"},{"taxonomy":"label","embeddable":true,"href":"https:\/\/betsson.sport\/es\/wp-json\/wp\/v2\/label?post=16334"},{"taxonomy":"country","embeddable":true,"href":"https:\/\/betsson.sport\/es\/wp-json\/wp\/v2\/country?post=16334"}],"curies":[{"name":"wp","href":"https:\/\/api.w.org\/{rel}","templated":true}]}}