{"id":16338,"date":"2026-09-01T13:54:33","date_gmt":"2026-09-01T16:54:33","guid":{"rendered":"https:\/\/betsson.sport\/es\/?p=16338"},"modified":"2026-09-01T14:48:16","modified_gmt":"2026-09-01T17:48:16","slug":"paredes-se-perfila-a-seguir-los-pasos-de-messi-va-a-ser-dificil-que-yo-siga-en-la-seleccion","status":"publish","type":"post","link":"https:\/\/betsson.sport\/es\/noticias\/futbol\/paredes-se-perfila-a-seguir-los-pasos-de-messi-va-a-ser-dificil-que-yo-siga-en-la-seleccion\/","title":{"rendered":"Paredes se perfila a seguir los pasos de Messi: \"Va a ser dif\u00edcil que yo siga en la selecci\u00f3n\""},"content":{"rendered":"\n<p class=\"wp-block-paragraph\">Cinco d\u00edas despu\u00e9s de haber disputado la final de la Copa del Mundo, cuando a\u00fan se sacud\u00eda&nbsp;la decepci\u00f3n por el partido perdido ante Espa\u00f1a en el alargue,&nbsp;Leandro Paredes&nbsp;ya hab\u00eda adelantado su intenci\u00f3n de dar un paso al costado de la&nbsp;Selecci\u00f3n argentina.<\/p>\n\n\n\n<p class=\"wp-block-paragraph\">Aquel d\u00eda, todav\u00eda con el chip mundialista, el mediocampista se calz\u00f3 sin demora la camiseta de Boca y particip\u00f3 de la victoria en la Sudamericana contra O'Higgins. Y, como no pod\u00eda ser de otra manera, se le consult\u00f3 acerca de lo que hab\u00eda sucedido recientemente en Norteam\u00e9rica y su mirada de cara al futuro.<\/p>\n\n\n\n<p class=\"wp-block-paragraph\">\"Va a ser muy dif\u00edcil mantener este nivel, que el grupo siga funcionando de esta manera, y se tendr\u00e1n que poner muchas cosas en la balanza. Hay que tomar decisiones con calma. Todav\u00eda no se si estoy para seguir\", hab\u00edan sido las declaraciones del futbolista de 32 a\u00f1os ese 24 de julio.<\/p>\n\n\n\n<p class=\"wp-block-paragraph\">Lo cierto es que ahora, un d\u00eda despu\u00e9s de que Lionel Messi anunciara su retiro de la Albiceleste tras m\u00e1s de dos d\u00e9cadas de representar a su pa\u00eds, el nacido en San Justo ratific\u00f3 su plan inicial y su alejamiento parece inminente.<\/p>\n\n\n\n<p class=\"wp-block-paragraph\">\"Va a ser dif\u00edcil que yo siga en la Selecci\u00f3n. Por todo: por lo que dije en su momento, por la suspensi\u00f3n tambi\u00e9n (10 partidos), por la decisi\u00f3n de Leo... Va a ser dif\u00edcil que siga todo funcionando igual. No lo habl\u00e9 con el entrenador, pero lo hablaremos y veremos la decisi\u00f3n que tome\", confes\u00f3 el ex Roma y PSG.<\/p>\n\n\n\n<figure class=\"wp-block-image size-large\"><img decoding=\"async\" width=\"1024\" height=\"576\" src=\"https:\/\/betsson.sport\/es\/wp-content\/uploads\/2026\/07\/gavi_974c7n66yynj1cfzclnemcqrd-1024x576.jpg\" alt=\"El momento del cruce entre Leandro Paredes y Gavi (Foto: Getty Images)\" class=\"wp-image-14611\" srcset=\"https:\/\/betsson.sport\/es\/wp-content\/uploads\/2026\/07\/gavi_974c7n66yynj1cfzclnemcqrd-1024x576.jpg 1024w, https:\/\/betsson.sport\/es\/wp-content\/uploads\/2026\/07\/gavi_974c7n66yynj1cfzclnemcqrd-420x236.jpg 420w, https:\/\/betsson.sport\/es\/wp-content\/uploads\/2026\/07\/gavi_974c7n66yynj1cfzclnemcqrd-768x432.jpg 768w, https:\/\/betsson.sport\/es\/wp-content\/uploads\/2026\/07\/gavi_974c7n66yynj1cfzclnemcqrd-1536x864.jpg 1536w, https:\/\/betsson.sport\/es\/wp-content\/uploads\/2026\/07\/gavi_974c7n66yynj1cfzclnemcqrd-640x360.jpg 640w, https:\/\/betsson.sport\/es\/wp-content\/uploads\/2026\/07\/gavi_974c7n66yynj1cfzclnemcqrd.jpg 1920w\" sizes=\"(max-width: 1024px) 100vw, 1024px\" \/><figcaption class=\"wp-element-caption\">El momento del cruce entre Leandro Paredes y Gavi que le cost\u00f3 una fuerte sanci\u00f3n al argentino. (Foto: Getty Images)<\/figcaption><\/figure>\n\n\n\n<p class=\"wp-block-paragraph\">Adem\u00e1s de la decena de encuentros de sanci\u00f3n que tiene por cumplir a causa de su comportamiento en la final frente a los espa\u00f1oles, hubo&nbsp;una multa de 90 mil d\u00f3lares por parte de la FIFA ante estos hechos.<\/p>\n\n\n\n<p class=\"wp-block-paragraph\">Por otra parte, Paredes volvi\u00f3 a referirse a lo que fue la noticia de Messi y la consternaci\u00f3n que provoca su retiro de Argentina.&nbsp;\"Fue dur\u00edsimo, como seguramente lo recibi\u00f3 todo el pa\u00eds y el mundo del f\u00fatbol por lo que significa Leo. Como puse ayer en mi Instagram, el legado de \u00e9l va a quedar para siempre por lo que dej\u00f3, por no rendirse nunca y por demostrar que los sue\u00f1os se sufren, se persiguen y al final se cumplen\", reflexion\u00f3.<\/p>\n\n\n\n<figure class=\"wp-block-embed is-type-rich is-provider-x wp-block-embed-x\"><div class=\"wp-block-embed__wrapper\">\n<blockquote class=\"twitter-tweet\" data-width=\"500\" data-dnt=\"true\"><p lang=\"es\" dir=\"ltr\">\ud83d\udea8\ud83c\udde6\ud83c\uddf7 Leandro Paredes puso en duda su continuidad en la Selecci\u00f3n Argentina: &quot;VA A SER DIF\u00cdCIL QUE SIGA...&quot;. <a href=\"https:\/\/t.co\/Yik25ND525\">pic.twitter.com\/Yik25ND525<\/a><\/p>&mdash; TyC Sports (@TyCSports) <a href=\"https:\/\/x.com\/TyCSports\/status\/2094802336161972638?ref_src=twsrc%5Etfw\">September 1, 2026<\/a><\/blockquote><script async src=\"https:\/\/platform.x.com\/widgets.js\" charset=\"utf-8\"><\/script>\n<\/div><\/figure>\n\n\n\n<p class=\"wp-block-paragraph\">El centrocampista, campe\u00f3n del mundo en Qatar 2022,&nbsp;representa al seleccionado argentino desde el 2017, y en este per\u00edodo de casi una d\u00e9cada registra 84 partidos disputados, con 5 goles y misma cantidad de asistencias. Adem\u00e1s, en su especialidad de los pases, dio 4.436 con \u00e9xito de los 4.800 totales (92,4%), adem\u00e1s de 87 quites de las 139 entradas que intent\u00f3.<\/p>\n\n\n\n<figure class=\"wp-block-embed is-type-rich is-provider-x wp-block-embed-x\"><div class=\"wp-block-embed__wrapper\">\n<blockquote class=\"twitter-tweet\" data-width=\"500\" data-dnt=\"true\"><p lang=\"es\" dir=\"ltr\">Lionel Messi cerr\u00f3 una historia irrepetible con Argentina. \ud83c\udde6\ud83c\uddf7<br><br>Tras 21 a\u00f1os, se retira como el jugador con m\u00e1s partidos y el m\u00e1ximo goleador de la Albiceleste: 207 presencias y 125 goles.<br><br>De una expulsi\u00f3n segundos despu\u00e9s de su debut a convertirse en una leyenda eterna. \ud83d\udc10 <a href=\"https:\/\/t.co\/QQibY0NwVG\">pic.twitter.com\/QQibY0NwVG<\/a><\/p>&mdash; Betsson.sport LATAM (@betssonsport_es) <a href=\"https:\/\/x.com\/betssonsport_es\/status\/2094794912956924135?ref_src=twsrc%5Etfw\">September 1, 2026<\/a><\/blockquote><script async src=\"https:\/\/platform.x.com\/widgets.js\" charset=\"utf-8\"><\/script>\n<\/div><\/figure>\n","protected":false},"excerpt":{"rendered":"<p>El mediocampista de Boca reflexion\u00f3 acerca de los factores que lo llevar\u00edan a dar un paso al costado de Argentina.<\/p>\n","protected":false},"author":23,"featured_media":16339,"comment_status":"closed","ping_status":"closed","sticky":true,"template":"","format":"standard","meta":{"_acf_changed":true,"footnotes":""},"categories":[7],"tags":[52,240,457,54],"label":[],"country":[1473],"class_list":["post-16338","post","type-post","status-publish","format-standard","has-post-thumbnail","hentry","category-futbol","tag-argentina","tag-futbol-argentino","tag-leandro-paredes","tag-seleccion-argentina","country-argentina"],"acf":[],"_links":{"self":[{"href":"https:\/\/betsson.sport\/es\/wp-json\/wp\/v2\/posts\/16338","targetHints":{"allow":["GET"]}}],"collection":[{"href":"https:\/\/betsson.sport\/es\/wp-json\/wp\/v2\/posts"}],"about":[{"href":"https:\/\/betsson.sport\/es\/wp-json\/wp\/v2\/types\/post"}],"author":[{"embeddable":true,"href":"https:\/\/betsson.sport\/es\/wp-json\/wp\/v2\/users\/23"}],"replies":[{"embeddable":true,"href":"https:\/\/betsson.sport\/es\/wp-json\/wp\/v2\/comments?post=16338"}],"version-history":[{"count":0,"href":"https:\/\/betsson.sport\/es\/wp-json\/wp\/v2\/posts\/16338\/revisions"}],"wp:featuredmedia":[{"embeddable":true,"href":"https:\/\/betsson.sport\/es\/wp-json\/wp\/v2\/media\/16339"}],"wp:attachment":[{"href":"https:\/\/betsson.sport\/es\/wp-json\/wp\/v2\/media?parent=16338"}],"wp:term":[{"taxonomy":"category","embeddable":true,"href":"https:\/\/betsson.sport\/es\/wp-json\/wp\/v2\/categories?post=16338"},{"taxonomy":"post_tag","embeddable":true,"href":"https:\/\/betsson.sport\/es\/wp-json\/wp\/v2\/tags?post=16338"},{"taxonomy":"label","embeddable":true,"href":"https:\/\/betsson.sport\/es\/wp-json\/wp\/v2\/label?post=16338"},{"taxonomy":"country","embeddable":true,"href":"https:\/\/betsson.sport\/es\/wp-json\/wp\/v2\/country?post=16338"}],"curies":[{"name":"wp","href":"https:\/\/api.w.org\/{rel}","templated":true}]}}