{"id":16346,"date":"2026-09-01T20:29:03","date_gmt":"2026-09-01T23:29:03","guid":{"rendered":"https:\/\/betsson.sport\/es\/?p=16346"},"modified":"2026-09-01T20:37:48","modified_gmt":"2026-09-01T23:37:48","slug":"boca-ante-una-nueva-batalla-velez-aparece-en-el-camino-por-la-copa-argentina","status":"publish","type":"post","link":"https:\/\/betsson.sport\/es\/noticias\/futbol\/copa-argentina\/boca-ante-una-nueva-batalla-velez-aparece-en-el-camino-por-la-copa-argentina\/","title":{"rendered":"Boca, ante una nueva batalla: V\u00e9lez se cruza en el camino por la Copa Argentina"},"content":{"rendered":"\n<p class=\"wp-block-paragraph\">Boca y V\u00e9lez se enfrentan en un partido que promete ser de alto voltaje por los octavos de final de la Copa Argentina. En el estadio Mario Alberto Kempes, que se espera colmado, el Fort\u00edn y el Xeneize ir\u00e1n por el \u00faltimo pasaje disponible a los cuartos de final. Para Boca, adem\u00e1s, estar\u00e1 en juego la posibilidad de mantener su pelea en tres torneos de manera simult\u00e1nea.<\/p>\n\n\n\n<p class=\"wp-block-paragraph\">En Boca, la principal novedad pasa por Leandro Paredes. El capit\u00e1n, ya recuperado de su lesi\u00f3n, volver\u00e1 a ser titular despu\u00e9s de haber ingresado desde el banco en el triunfo 1-0 ante Lan\u00fas. Adem\u00e1s, Marco Pellegrino, Lautaro Blanco y Leandro Lozano vuelven entre los concentrados y se perfilan para tener su lugar desde el arranque. <\/p>\n\n\n\n<figure class=\"wp-block-image size-large\"><img decoding=\"async\" width=\"1024\" height=\"683\" src=\"https:\/\/betsson.sport\/es\/wp-content\/uploads\/2026\/09\/boca-recibe-a-velez-por-la-fecha-4-del-torneo-7L73MEF3UZAGPADXUWVMC7UHRQ-1024x683.avif\" alt=\"\" class=\"wp-image-16348\" srcset=\"https:\/\/betsson.sport\/es\/wp-content\/uploads\/2026\/09\/boca-recibe-a-velez-por-la-fecha-4-del-torneo-7L73MEF3UZAGPADXUWVMC7UHRQ-1024x683.avif 1024w, https:\/\/betsson.sport\/es\/wp-content\/uploads\/2026\/09\/boca-recibe-a-velez-por-la-fecha-4-del-torneo-7L73MEF3UZAGPADXUWVMC7UHRQ-420x280.avif 420w, https:\/\/betsson.sport\/es\/wp-content\/uploads\/2026\/09\/boca-recibe-a-velez-por-la-fecha-4-del-torneo-7L73MEF3UZAGPADXUWVMC7UHRQ-768x512.avif 768w, https:\/\/betsson.sport\/es\/wp-content\/uploads\/2026\/09\/boca-recibe-a-velez-por-la-fecha-4-del-torneo-7L73MEF3UZAGPADXUWVMC7UHRQ-540x360.avif 540w, https:\/\/betsson.sport\/es\/wp-content\/uploads\/2026\/09\/boca-recibe-a-velez-por-la-fecha-4-del-torneo-7L73MEF3UZAGPADXUWVMC7UHRQ.avif 1200w\" sizes=\"(max-width: 1024px) 100vw, 1024px\" \/><figcaption class=\"wp-element-caption\">Boca frente a Velez. Foto: Gonzalo Colini - La Naci\u00f3n<\/figcaption><\/figure>\n\n\n\n<p class=\"wp-block-paragraph\">La baja confirmada es la de Milton Delgado. El mediocampista qued\u00f3 afuera de la convocatoria por una molestia f\u00edsica y los estudios realizados posteriormente determinaron que sufri\u00f3 una distensi\u00f3n y esto tambi\u00e9n lo retira del partido ante S\u00e3o Paulo por la Copa Sudamericana. Tom\u00e1s Belmonte ser\u00eda quien ocupe su lugar, luego de haber sido el salvador de Boca en la \u00faltima jugada frente a Lanus, en el regreso a la Bombonera.<\/p>\n\n\n\n<p class=\"wp-block-paragraph\">Por otro lado, el club inform\u00f3 que Adam Bareiro fue operado de una hernia discal y se estima que vuelva para la pretemporada de enero 2027.<\/p>\n\n\n\n<figure class=\"wp-block-embed is-type-rich is-provider-x wp-block-embed-x\"><div class=\"wp-block-embed__wrapper\">\n<blockquote class=\"twitter-tweet\" data-width=\"500\" data-dnt=\"true\"><p lang=\"es\" dir=\"ltr\">El jugador Bareiro Adam fue intervenido quir\u00fargicamente con \u00e9xito de una hernia discal lumbar.<br>Te acompa\u00f1amos y te esperamos pronto de vuelta, Adam. \ud83d\udc99\ud83d\udc9b\ud83d\udc99 <a href=\"https:\/\/t.co\/g4mGtvnzoP\">pic.twitter.com\/g4mGtvnzoP<\/a><\/p>&mdash; Boca Juniors (@BocaJrsOficial) <a href=\"https:\/\/x.com\/BocaJrsOficial\/status\/2094893922522747299?ref_src=twsrc%5Etfw\">September 1, 2026<\/a><\/blockquote><script async src=\"https:\/\/platform.x.com\/widgets.js\" charset=\"utf-8\"><\/script>\n<\/div><\/figure>\n\n\n\n<p class=\"wp-block-paragraph\">La jornada tambi\u00e9n estuvo marcada por la venta de Exequiel Zeballos al Monza de la Serie A de Italia. La operaci\u00f3n fue confirmada entre ambos clubes y el jugador se despidi\u00f3 de Boca para iniciar su primera experiencia en el f\u00fatbol europeo.<\/p>\n\n\n\n<figure class=\"wp-block-embed is-type-rich is-provider-x wp-block-embed-x\"><div class=\"wp-block-embed__wrapper\">\n<blockquote class=\"twitter-tweet\" data-width=\"500\" data-dnt=\"true\"><p lang=\"es\" dir=\"ltr\">Changuito: Boca y La Bombonera siempre ser\u00e1n tu casa \ud83d\udc99\ud83d\udc9b\ud83d\udc99 <a href=\"https:\/\/t.co\/ObPj5basoI\">pic.twitter.com\/ObPj5basoI<\/a><\/p>&mdash; Boca Juniors (@BocaJrsOficial) <a href=\"https:\/\/x.com\/BocaJrsOficial\/status\/2094886813366108627?ref_src=twsrc%5Etfw\">September 1, 2026<\/a><\/blockquote><script async src=\"https:\/\/platform.x.com\/widgets.js\" charset=\"utf-8\"><\/script>\n<\/div><\/figure>\n\n\n\n<p class=\"wp-block-paragraph\">El Fort\u00edn llega al duelo ante Boca respaldado por una s\u00f3lida actualidad. M\u00e1s all\u00e1 de ese buen presente, el equipo de Liniers llega al compromiso con una racha que necesita cortar: lleva cuatro encuentros sin conocer la victoria, todos con empate. Ahora tendr\u00e1 una oportunidad inmejorable para cambiar la historia, ya que buscar\u00e1 dejar en el camino al Xeneize y conseguir su boleto a los cuartos de final de la Copa Argentina.<\/p>\n\n\n\n<figure class=\"wp-block-embed is-type-rich is-provider-x wp-block-embed-x\"><div class=\"wp-block-embed__wrapper\">\n<blockquote class=\"twitter-tweet\" data-width=\"500\" data-dnt=\"true\"><p lang=\"es\" dir=\"ltr\">\ud83d\udeeb Con destino a C\u00f3rdoba por los 8vos de <a href=\"https:\/\/x.com\/Copa_Argentina?ref_src=twsrc%5Etfw\">@Copa_Argentina<\/a> <a href=\"https:\/\/x.com\/hashtag\/JuegaV%C3%A9lez?src=hash&amp;ref_src=twsrc%5Etfw\">#JuegaV\u00e9lez<\/a> <a href=\"https:\/\/t.co\/V7U8MpvRo9\">pic.twitter.com\/V7U8MpvRo9<\/a><\/p>&mdash; V\u00e9lez Sarsfield (@Velez) <a href=\"https:\/\/x.com\/Velez\/status\/2094867937307795529?ref_src=twsrc%5Etfw\">September 1, 2026<\/a><\/blockquote><script async src=\"https:\/\/platform.x.com\/widgets.js\" charset=\"utf-8\"><\/script>\n<\/div><\/figure>\n","protected":false},"excerpt":{"rendered":"<p>El Xeneize afronta una nueva batalla ante el Fort\u00edn y va por el pase a los cuartos de final.<\/p>\n","protected":false},"author":16,"featured_media":16355,"comment_status":"closed","ping_status":"closed","sticky":true,"template":"","format":"standard","meta":{"_acf_changed":true,"footnotes":""},"categories":[1787],"tags":[1244,52,636,550,2669,240,4354,58,4168],"label":[],"country":[1473],"class_list":["post-16346","post","type-post","status-publish","format-standard","has-post-thumbnail","hentry","category-copa-argentina","tag-afa","tag-argentina","tag-boca","tag-copa-argentina","tag-cordoba","tag-futbol-argentino","tag-kempes","tag-liga-argentina","tag-velez-2","country-argentina"],"acf":[],"_links":{"self":[{"href":"https:\/\/betsson.sport\/es\/wp-json\/wp\/v2\/posts\/16346","targetHints":{"allow":["GET"]}}],"collection":[{"href":"https:\/\/betsson.sport\/es\/wp-json\/wp\/v2\/posts"}],"about":[{"href":"https:\/\/betsson.sport\/es\/wp-json\/wp\/v2\/types\/post"}],"author":[{"embeddable":true,"href":"https:\/\/betsson.sport\/es\/wp-json\/wp\/v2\/users\/16"}],"replies":[{"embeddable":true,"href":"https:\/\/betsson.sport\/es\/wp-json\/wp\/v2\/comments?post=16346"}],"version-history":[{"count":0,"href":"https:\/\/betsson.sport\/es\/wp-json\/wp\/v2\/posts\/16346\/revisions"}],"wp:featuredmedia":[{"embeddable":true,"href":"https:\/\/betsson.sport\/es\/wp-json\/wp\/v2\/media\/16355"}],"wp:attachment":[{"href":"https:\/\/betsson.sport\/es\/wp-json\/wp\/v2\/media?parent=16346"}],"wp:term":[{"taxonomy":"category","embeddable":true,"href":"https:\/\/betsson.sport\/es\/wp-json\/wp\/v2\/categories?post=16346"},{"taxonomy":"post_tag","embeddable":true,"href":"https:\/\/betsson.sport\/es\/wp-json\/wp\/v2\/tags?post=16346"},{"taxonomy":"label","embeddable":true,"href":"https:\/\/betsson.sport\/es\/wp-json\/wp\/v2\/label?post=16346"},{"taxonomy":"country","embeddable":true,"href":"https:\/\/betsson.sport\/es\/wp-json\/wp\/v2\/country?post=16346"}],"curies":[{"name":"wp","href":"https:\/\/api.w.org\/{rel}","templated":true}]}}