{"id":16349,"date":"2026-09-01T20:36:35","date_gmt":"2026-09-01T23:36:35","guid":{"rendered":"https:\/\/betsson.sport\/es\/?p=16349"},"modified":"2026-09-01T20:36:36","modified_gmt":"2026-09-01T23:36:36","slug":"santa-fe-busca-hacer-valer-su-historia-ante-vasco-en-la-copa-sudamericana","status":"publish","type":"post","link":"https:\/\/betsson.sport\/es\/noticias\/futbol\/copa-sudamericana\/santa-fe-busca-hacer-valer-su-historia-ante-vasco-en-la-copa-sudamericana\/","title":{"rendered":"Santa Fe busca hacer valer su historia ante Vasco en la Copa Sudamericana"},"content":{"rendered":"\n<p class=\"wp-block-paragraph\">Independiente Santa Fe afrontar\u00e1 este martes 8 de septiembre un nuevo desaf\u00edo internacional. El equipo cardenal recibir\u00e1 a Vasco da Gama en el estadio El Camp\u00edn, desde las 5:00 p. m. (hora colombiana), por el partido de ida de los cuartos de final de la Copa Sudamericana 2026.<\/p>\n\n\n\n<p class=\"wp-block-paragraph\">El conjunto dirigido por Pablo Repetto llega con la confianza en alto despu\u00e9s de eliminar a River Plate en una dram\u00e1tica serie que termin\u00f3 1-1 en el global y 8-7 a favor del cuadro bogotano en la tanda de penales disputada en Buenos Aires.<\/p>\n\n\n\n<figure class=\"wp-block-image size-large\"><img decoding=\"async\" width=\"1024\" height=\"683\" src=\"https:\/\/betsson.sport\/es\/wp-content\/uploads\/2026\/09\/sdlR8QMDaWQSDM-nh-1024x683.jpg\" alt=\"\" class=\"wp-image-16351\" srcset=\"https:\/\/betsson.sport\/es\/wp-content\/uploads\/2026\/09\/sdlR8QMDaWQSDM-nh-1024x683.jpg 1024w, https:\/\/betsson.sport\/es\/wp-content\/uploads\/2026\/09\/sdlR8QMDaWQSDM-nh-420x280.jpg 420w, https:\/\/betsson.sport\/es\/wp-content\/uploads\/2026\/09\/sdlR8QMDaWQSDM-nh-768x512.jpg 768w, https:\/\/betsson.sport\/es\/wp-content\/uploads\/2026\/09\/sdlR8QMDaWQSDM-nh-1536x1024.jpg 1536w, https:\/\/betsson.sport\/es\/wp-content\/uploads\/2026\/09\/sdlR8QMDaWQSDM-nh-2048x1365.jpg 2048w, https:\/\/betsson.sport\/es\/wp-content\/uploads\/2026\/09\/sdlR8QMDaWQSDM-nh-540x360.jpg 540w\" sizes=\"(max-width: 1024px) 100vw, 1024px\" \/><figcaption class=\"wp-element-caption\">La experiencia de Rodallega en Brasil ser\u00e1 clave contra Vasco. <strong>Foto:<\/strong> Juan Mabromata\/AFP.<\/figcaption><\/figure>\n\n\n\n<p class=\"wp-block-paragraph\">Ahora, Santa Fe tendr\u00e1 enfrente a un rival brasile\u00f1o que viene de superar con autoridad a Olimpia de Paraguay. La altura de Bogot\u00e1 y el respaldo de su p\u00fablico ser\u00e1n factores que el Le\u00f3n buscar\u00e1 aprovechar para conseguir una ventaja antes de viajar a R\u00edo de Janeiro.<\/p>\n\n\n\n<p class=\"wp-block-paragraph\">La historia tambi\u00e9n alimenta la ilusi\u00f3n. Santa Fe ha disputado cuatro veces los cuartos de final de la Sudamericana y consigui\u00f3 avanzar en dos ocasiones. En 2015 elimin\u00f3 a Independiente y posteriormente conquist\u00f3 el t\u00edtulo, mientras que en 2018 super\u00f3 a Deportivo Cali.<\/p>\n\n\n\n<figure class=\"wp-block-image size-large\"><img decoding=\"async\" width=\"1024\" height=\"577\" src=\"https:\/\/betsson.sport\/es\/wp-content\/uploads\/2026\/09\/sdlRtDGfyckdRg-nh-scaled-e1788301644566-1024x577.jpg\" alt=\"Foto: Federico Peretti\/NurPhoto\/TT.\" class=\"wp-image-16350\" srcset=\"https:\/\/betsson.sport\/es\/wp-content\/uploads\/2026\/09\/sdlRtDGfyckdRg-nh-scaled-e1788301644566-1024x577.jpg 1024w, https:\/\/betsson.sport\/es\/wp-content\/uploads\/2026\/09\/sdlRtDGfyckdRg-nh-scaled-e1788301644566-420x237.jpg 420w, https:\/\/betsson.sport\/es\/wp-content\/uploads\/2026\/09\/sdlRtDGfyckdRg-nh-scaled-e1788301644566-768x433.jpg 768w, https:\/\/betsson.sport\/es\/wp-content\/uploads\/2026\/09\/sdlRtDGfyckdRg-nh-scaled-e1788301644566-1536x865.jpg 1536w, https:\/\/betsson.sport\/es\/wp-content\/uploads\/2026\/09\/sdlRtDGfyckdRg-nh-scaled-e1788301644566-2048x1154.jpg 2048w, https:\/\/betsson.sport\/es\/wp-content\/uploads\/2026\/09\/sdlRtDGfyckdRg-nh-scaled-e1788301644566-640x360.jpg 640w\" sizes=\"(max-width: 1024px) 100vw, 1024px\" \/><figcaption class=\"wp-element-caption\">Foto: Federico Peretti\/NurPhoto\/TT.<\/figcaption><\/figure>\n\n\n\n<p class=\"wp-block-paragraph\">Adem\u00e1s, el equipo colombiano tiene un antecedente favorable ante Vasco. Ambos se enfrentaron en las semifinales de la Copa Conmebol 1996. Despu\u00e9s de que cada equipo ganara como local, Santa Fe se impuso 6-5 en los penales y avanz\u00f3 a la final.<\/p>\n\n\n\n<p class=\"wp-block-paragraph\">El duelo de vuelta se disputar\u00e1 el martes 15 de septiembre en S\u00e3o Janu\u00e1rio, a las 7:00 p. m. (hora de Brasil). Por eso, el objetivo inmediato del conjunto cardenal ser\u00e1 sacar ventaja en casa y mantener viva su campa\u00f1a internacional.<\/p>\n\n\n\n<figure class=\"wp-block-embed is-type-rich is-provider-x wp-block-embed-x\"><div class=\"wp-block-embed__wrapper\">\n<blockquote class=\"twitter-tweet\" data-width=\"500\" data-dnt=\"true\"><p lang=\"es\" dir=\"ltr\">\ud83c\udde8\ud83c\uddf4\ud83c\udfc6\ud83c\udde7\ud83c\uddf7 \u00a1El \u00faltimo cruce de Cuartos de Final definido! <a href=\"https:\/\/x.com\/SantaFe?ref_src=twsrc%5Etfw\">@SantaFe<\/a> y <a href=\"https:\/\/x.com\/VascodaGama?ref_src=twsrc%5Etfw\">@VascodaGama<\/a>, frente a frente.<a href=\"https:\/\/x.com\/hashtag\/LaGranConquista?src=hash&amp;ref_src=twsrc%5Etfw\">#LaGranConquista<\/a> <a href=\"https:\/\/t.co\/ZbmXA4tjgs\">pic.twitter.com\/ZbmXA4tjgs<\/a><\/p>&mdash; CONMEBOL Sudamericana (@Sudamericana) <a href=\"https:\/\/x.com\/Sudamericana\/status\/2092812910238052717?ref_src=twsrc%5Etfw\">August 27, 2026<\/a><\/blockquote><script async src=\"https:\/\/platform.x.com\/widgets.js\" charset=\"utf-8\"><\/script>\n<\/div><\/figure>\n","protected":false},"excerpt":{"rendered":"<p>El equipo cardenal recibe al conjunto carioca en El Camp\u00edn con la ilusi\u00f3n de sacar ventaja en la ida y acercarse a las semifinales.<\/p>\n","protected":false},"author":22,"featured_media":16357,"comment_status":"closed","ping_status":"closed","sticky":false,"template":"","format":"standard","meta":{"_acf_changed":true,"footnotes":""},"categories":[215],"tags":[60,841,1948,2948],"label":[],"country":[1476],"class_list":["post-16349","post","type-post","status-publish","format-standard","has-post-thumbnail","hentry","category-copa-sudamericana","tag-colombia","tag-independiente-santa-fe","tag-pablo-repetto","tag-vasco-da-gama","country-colombia"],"acf":[],"_links":{"self":[{"href":"https:\/\/betsson.sport\/es\/wp-json\/wp\/v2\/posts\/16349","targetHints":{"allow":["GET"]}}],"collection":[{"href":"https:\/\/betsson.sport\/es\/wp-json\/wp\/v2\/posts"}],"about":[{"href":"https:\/\/betsson.sport\/es\/wp-json\/wp\/v2\/types\/post"}],"author":[{"embeddable":true,"href":"https:\/\/betsson.sport\/es\/wp-json\/wp\/v2\/users\/22"}],"replies":[{"embeddable":true,"href":"https:\/\/betsson.sport\/es\/wp-json\/wp\/v2\/comments?post=16349"}],"version-history":[{"count":0,"href":"https:\/\/betsson.sport\/es\/wp-json\/wp\/v2\/posts\/16349\/revisions"}],"wp:featuredmedia":[{"embeddable":true,"href":"https:\/\/betsson.sport\/es\/wp-json\/wp\/v2\/media\/16357"}],"wp:attachment":[{"href":"https:\/\/betsson.sport\/es\/wp-json\/wp\/v2\/media?parent=16349"}],"wp:term":[{"taxonomy":"category","embeddable":true,"href":"https:\/\/betsson.sport\/es\/wp-json\/wp\/v2\/categories?post=16349"},{"taxonomy":"post_tag","embeddable":true,"href":"https:\/\/betsson.sport\/es\/wp-json\/wp\/v2\/tags?post=16349"},{"taxonomy":"label","embeddable":true,"href":"https:\/\/betsson.sport\/es\/wp-json\/wp\/v2\/label?post=16349"},{"taxonomy":"country","embeddable":true,"href":"https:\/\/betsson.sport\/es\/wp-json\/wp\/v2\/country?post=16349"}],"curies":[{"name":"wp","href":"https:\/\/api.w.org\/{rel}","templated":true}]}}