{"id":16415,"date":"2026-09-03T10:18:29","date_gmt":"2026-09-03T13:18:29","guid":{"rendered":"https:\/\/betsson.sport\/es\/?p=16415"},"modified":"2026-09-03T14:22:59","modified_gmt":"2026-09-03T17:22:59","slug":"monterrey-finalista-de-la-leagues-cup-entre-la-alegria-de-almeyda-y-el-descargo-de-almada","status":"publish","type":"post","link":"https:\/\/betsson.sport\/es\/noticias\/futbol\/leagues-cup\/monterrey-finalista-de-la-leagues-cup-entre-la-alegria-de-almeyda-y-el-descargo-de-almada\/","title":{"rendered":"Monterrey, finalista de la Leagues Cup: entre la alegr\u00eda de Almeyda y el descargo de Almada"},"content":{"rendered":"\n<p class=\"wp-block-paragraph\">Monterrey\u00a0tiene motivos para entusiasmarse con la conquista de un t\u00edtulo internacional despu\u00e9s de aquel \u00faltimo logrado en 2021, en\u00a0la Concachampions, tras haber eliminado a\u00a0Am\u00e9rica\u00a0en las semifinales de la Leagues Cup por 5-4 en los penales.<\/p>\n\n\n\n<p class=\"wp-block-paragraph\">La acci\u00f3n en el&nbsp;Dignity Health Sports Park de California se guard\u00f3 los goles hasta la segunda mitad, momento en que el uruguayo abri\u00f3 la cuenta para Rayados a los 4 minutos: en lo que parec\u00eda ser un centro desde la derecha, termin\u00f3 con el bal\u00f3n dentro del arco al colarse por encima de&nbsp;Rodolfo Cota.<\/p>\n\n\n\n<p class=\"wp-block-paragraph\">Las \u00c1guilas reaccionaron con el empate a los 12' obra de&nbsp;Ram\u00f3n Ju\u00e1rez, quien tuvo la habilidad para controlar con su pierna derecha un tiro libre de Raphael Veiga. En plena \u00e1rea y ante el tumulto, se movi\u00f3 r\u00e1pido y castig\u00f3 de zurda. Despu\u00e9s,&nbsp;Alan Cervantes revirti\u00f3 la historia con su aparici\u00f3n a los 18' en favor de los Cremas, y Lucas Ocampos volvi\u00f3 a igualarlo a los 24'.<\/p>\n\n\n\n<p class=\"wp-block-paragraph\">Esto desemboc\u00f3 en la instancia de los tiros desde los 11 metros, en la que Cervantes fue el \u00fanico en fallar al patear alto, mientras que los Albiazules tuvieron 100% de efectividad gracias a las ejecuciones de&nbsp;Luca Orellano, Rossi, V\u00edctor Guzm\u00e1n, Jes\u00fas Corona y el belga&nbsp;Hugo Cuypers.<\/p>\n\n\n\n<p class=\"wp-block-paragraph\">Un resultado que enorgullece al t\u00e9cnico de Rayados,\u00a0Mat\u00edas Almeyda, quien tom\u00f3 las riendas del plantel para suceder al desplazado\u00a0Dom\u00e8nec Torrent (Nicol\u00e1s S\u00e1nchez fue luego interino) y se encuentra ahora a un paso de una coronaci\u00f3n.<\/p>\n\n\n\n<p class=\"wp-block-paragraph\">\"Este grupo tiene ganas de ganar. Uno compite siempre para estar en las finales; en tres meses, lograr una final, creo que nos est\u00e1 guiando al camino correcto. Baloro mucho la actitud de la gente que entreno\", valor\u00f3 el t\u00e9cnico argentino tras imponerse ante las \u00c1guilas<\/p>\n\n\n\n<p class=\"wp-block-paragraph\">\"Fue un gran partido, ante un rival dur\u00edsimo y creo que fue parejo en los 90 minutos. Independientemente de los penales, ya estaba contento con lo que estaban haciendo estos chicos en la Copa; no les importa si viajamos mucho: est\u00e1n felices, contentos, no les interesa si terminamos de entrenar a las 10 de la noche. La verdad que a m\u00ed me hace muy feliz\", continu\u00f3 el Pelado.<\/p>\n\n\n\n<p class=\"wp-block-paragraph\">Asimismo, Almeyda dej\u00f3 un mensaje para la afici\u00f3n: \"La gente est\u00e1 contenta, pero seguramente quieren m\u00e1s y el primer objetivo, remarco, era entrar a la Concachampions y ahora demostramos que nosotros mismos lo \u00edbamos a lograr igual\".<\/p>\n\n\n\n<p class=\"wp-block-paragraph\">En la vereda de enfrente, el que se march\u00f3 disconforme y no dud\u00f3 en realizar su descargo fue Guillermo Almada, a partir de la labor del encargado del VAR,\u00a0\u00c9rick Yair Miranda. \u00bfQu\u00e9 sucedi\u00f3?\u00a0Protest\u00f3 por el pol\u00e9mico penal sancionado durante el tiempo de juego en contra de su equipo y por el hecho de que no se revisara una posible infracci\u00f3n de pena m\u00e1xima a\u00a0Henry Mart\u00edn.<\/p>\n\n\n\n<p class=\"wp-block-paragraph\">\"Ya nos hab\u00edan dicho de los antecedentes de Miranda en el VAR. Yo no estaba en el club antes, pero tiene antecedentes de perjudicar mucho al club y hoy fue muy evidente, porque hubo un penal a favor que no lo cobr\u00f3 y no intervino el VAR, y en otro que ten\u00eda que haber intervenido no lo hizo\", dispar\u00f3 el estratega uruguayo.<\/p>\n\n\n\n<p class=\"wp-block-paragraph\">En esa jugada puntual, Almada considera que Orbel\u00edn Pineda fue quien la busc\u00f3 y no hubo culpa en Kevin \u00c1lvarez. \"\u00c9l es el que va al encuentro de la pierna, es el rival, no nuestro defensor, y termina siendo decisivo en algo que tiene que haber justicia de parte de los \u00e1rbitros, sobre todo teniendo una herramienta como el VAR\", se quej\u00f3.<\/p>\n\n\n\n<p class=\"wp-block-paragraph\">\"No es un error, es un horror la decisi\u00f3n del VAR, que tendr\u00eda que haber ayudado a los \u00e1rbitros y termina siendo decisivo en el mismo partido. Creo que, para todos los que estaban en el estadio y los que vieron el partido, fue muy evidente, lament\u00f3.<\/p>\n\n\n\n<p class=\"wp-block-paragraph\">De esta manera, Monterrey decidir\u00e1 el t\u00edtulo de la sexta edici\u00f3n de la Leagues Cup frente al Toluca, que viene de eliminar por 2-0 a Le\u00f3n con goles de Federico Pereyra y su hom\u00f3nimo Vi\u00f1as. Ser\u00e1 este domingo 6 de septiembre. Habr\u00e1 un campe\u00f3n mexicano y se cortar\u00e1 la racha de tres ganadores estadounidense de manera consecutiva.<\/p>\n","protected":false},"excerpt":{"rendered":"<p>El entrenador argentino destac\u00f3 la fortaleza de Rayados para superar a Am\u00e9rica en los penales, mientras que su par uruguayo fue cr\u00edtico por la labor de uno de los encargados del VAR.<\/p>\n","protected":false},"author":23,"featured_media":16416,"comment_status":"closed","ping_status":"closed","sticky":false,"template":"","format":"standard","meta":{"_acf_changed":false,"footnotes":""},"categories":[4152],"tags":[114,386,4039,118],"label":[],"country":[1477],"class_list":["post-16415","post","type-post","status-publish","format-standard","has-post-thumbnail","hentry","category-leagues-cup","tag-america-de-mexico","tag-futbol-mexicano","tag-leagues-cup","tag-monterrey","country-mexico"],"acf":[],"_links":{"self":[{"href":"https:\/\/betsson.sport\/es\/wp-json\/wp\/v2\/posts\/16415","targetHints":{"allow":["GET"]}}],"collection":[{"href":"https:\/\/betsson.sport\/es\/wp-json\/wp\/v2\/posts"}],"about":[{"href":"https:\/\/betsson.sport\/es\/wp-json\/wp\/v2\/types\/post"}],"author":[{"embeddable":true,"href":"https:\/\/betsson.sport\/es\/wp-json\/wp\/v2\/users\/23"}],"replies":[{"embeddable":true,"href":"https:\/\/betsson.sport\/es\/wp-json\/wp\/v2\/comments?post=16415"}],"version-history":[{"count":0,"href":"https:\/\/betsson.sport\/es\/wp-json\/wp\/v2\/posts\/16415\/revisions"}],"wp:featuredmedia":[{"embeddable":true,"href":"https:\/\/betsson.sport\/es\/wp-json\/wp\/v2\/media\/16416"}],"wp:attachment":[{"href":"https:\/\/betsson.sport\/es\/wp-json\/wp\/v2\/media?parent=16415"}],"wp:term":[{"taxonomy":"category","embeddable":true,"href":"https:\/\/betsson.sport\/es\/wp-json\/wp\/v2\/categories?post=16415"},{"taxonomy":"post_tag","embeddable":true,"href":"https:\/\/betsson.sport\/es\/wp-json\/wp\/v2\/tags?post=16415"},{"taxonomy":"label","embeddable":true,"href":"https:\/\/betsson.sport\/es\/wp-json\/wp\/v2\/label?post=16415"},{"taxonomy":"country","embeddable":true,"href":"https:\/\/betsson.sport\/es\/wp-json\/wp\/v2\/country?post=16415"}],"curies":[{"name":"wp","href":"https:\/\/api.w.org\/{rel}","templated":true}]}}