{"id":16470,"date":"2026-09-04T17:31:14","date_gmt":"2026-09-04T20:31:14","guid":{"rendered":"https:\/\/betsson.sport\/es\/?p=16470"},"modified":"2026-09-04T19:08:20","modified_gmt":"2026-09-04T22:08:20","slug":"fernando-ortiz-confirmo-a-vozinha-para-enfrentar-a-huachipato-es-el-momento-indicado","status":"publish","type":"post","link":"https:\/\/betsson.sport\/es\/noticias\/futbol\/liga-primera-chile\/fernando-ortiz-confirmo-a-vozinha-para-enfrentar-a-huachipato-es-el-momento-indicado\/","title":{"rendered":"Fernando Ortiz confirm\u00f3 a Vozinha para enfrentar a Huachipato: \u201cEs el momento indicado\u201d"},"content":{"rendered":"\n<p class=\"wp-block-paragraph\">Vozinha&nbsp;volver\u00e1 a ser titular en&nbsp;Colo Colo, esta vez por el&nbsp;Campeonato Nacional. El guardameta caboverdiano hab\u00eda debutado ante Uni\u00f3n Espa\u00f1ola por la&nbsp;Copa Chile, encuentro que los albos ganaron 3-0, y ahora repetir\u00e1 esa condici\u00f3n el domingo ante&nbsp;Huachipato, en el estadio&nbsp;Ester Roa de Concepci\u00f3n, por la fecha 22 del certamen.<\/p>\n\n\n\n<p class=\"wp-block-paragraph\">La confirmaci\u00f3n lleg\u00f3 de boca del propio Fernando Ortiz en conferencia de prensa, quien remarc\u00f3 que la decisi\u00f3n no est\u00e1 relacionada con el nivel mostrado por Gabriel Maureira. \"S\u00ed, Josi va a atajar, ya lo decid\u00ed\u201d.<\/p>\n\n\n\n<p class=\"wp-block-paragraph\">Complementado lo anterior, el entrenador argentino argument\u00f3: \u201cNo es que Gabriel haya perdido el puesto o que no est\u00e9 a la par de la competencia. Quiero ver a Josimar, se lo coment\u00e9 a los dos y \u00e9l va a iniciar el domingo\".<\/p>\n\n\n\n<figure class=\"wp-block-image size-large\"><img decoding=\"async\" width=\"1024\" height=\"577\" src=\"https:\/\/betsson.sport\/es\/wp-content\/uploads\/2026\/09\/sdlHmyuv0kWSLs-nh-scaled-e1788549872939-1024x577.jpg\" alt=\"\" class=\"wp-image-16463\" srcset=\"https:\/\/betsson.sport\/es\/wp-content\/uploads\/2026\/09\/sdlHmyuv0kWSLs-nh-scaled-e1788549872939-1024x577.jpg 1024w, https:\/\/betsson.sport\/es\/wp-content\/uploads\/2026\/09\/sdlHmyuv0kWSLs-nh-scaled-e1788549872939-420x237.jpg 420w, https:\/\/betsson.sport\/es\/wp-content\/uploads\/2026\/09\/sdlHmyuv0kWSLs-nh-scaled-e1788549872939-768x433.jpg 768w, https:\/\/betsson.sport\/es\/wp-content\/uploads\/2026\/09\/sdlHmyuv0kWSLs-nh-scaled-e1788549872939-1536x865.jpg 1536w, https:\/\/betsson.sport\/es\/wp-content\/uploads\/2026\/09\/sdlHmyuv0kWSLs-nh-scaled-e1788549872939-2048x1154.jpg 2048w, https:\/\/betsson.sport\/es\/wp-content\/uploads\/2026\/09\/sdlHmyuv0kWSLs-nh-scaled-e1788549872939-640x360.jpg 640w\" sizes=\"(max-width: 1024px) 100vw, 1024px\" \/><figcaption class=\"wp-element-caption\">Foto de: Javier TORRES \/ AFP \/ TT<\/figcaption><\/figure>\n\n\n\n<p class=\"wp-block-paragraph\">Consultado por los motivos puntuales detr\u00e1s del cambio, el Tano evit\u00f3 atribuirle la decisi\u00f3n a alg\u00fan aspecto concreto: \"No tengo un fundamento como para decir que Gabriel hizo esto o dej\u00f3 de hacer esto. S\u00f3lo creo que es el momento indicado donde la competencia de los dos es muy buena y quiero ver a Josimar\".<\/p>\n\n\n\n<p class=\"wp-block-paragraph\">\"Ese es mi argumento. Gabriel lo ha hecho de buena manera, no estoy inconforme ni nada por el estilo, as\u00ed como puedo llegar a tomar una decisi\u00f3n de un compa\u00f1ero en diferentes posiciones\", expres\u00f3.<\/p>\n\n\n\n<p class=\"wp-block-paragraph\">Ortiz cerr\u00f3 sus declaraciones ratificando su decisi\u00f3n de cara al pr\u00f3ximo compromiso, donde el Cacique buscar\u00e1 seguir consolid\u00e1ndose en el primer lugar: \"Esa es la realidad, la verdad y Vozinha va a tener la chance de poder jugar el d\u00eda domingo\".<\/p>\n","protected":false},"excerpt":{"rendered":"<p>El arquero caboverdiano buscar\u00e1 repetir el buen desempe\u00f1o mostrado en su debut ante Uni\u00f3n Espa\u00f1ola por Copa Chile.<\/p>\n","protected":false},"author":23,"featured_media":16471,"comment_status":"closed","ping_status":"closed","sticky":false,"template":"","format":"standard","meta":{"_acf_changed":false,"footnotes":""},"categories":[1788],"tags":[103,874,331,3797],"label":[],"country":[1475],"class_list":["post-16470","post","type-post","status-publish","format-standard","has-post-thumbnail","hentry","category-liga-primera-chile","tag-colo-colo","tag-fernando-ortiz","tag-futbol-chileno","tag-vozinha","country-chile"],"acf":[],"_links":{"self":[{"href":"https:\/\/betsson.sport\/es\/wp-json\/wp\/v2\/posts\/16470","targetHints":{"allow":["GET"]}}],"collection":[{"href":"https:\/\/betsson.sport\/es\/wp-json\/wp\/v2\/posts"}],"about":[{"href":"https:\/\/betsson.sport\/es\/wp-json\/wp\/v2\/types\/post"}],"author":[{"embeddable":true,"href":"https:\/\/betsson.sport\/es\/wp-json\/wp\/v2\/users\/23"}],"replies":[{"embeddable":true,"href":"https:\/\/betsson.sport\/es\/wp-json\/wp\/v2\/comments?post=16470"}],"version-history":[{"count":0,"href":"https:\/\/betsson.sport\/es\/wp-json\/wp\/v2\/posts\/16470\/revisions"}],"wp:featuredmedia":[{"embeddable":true,"href":"https:\/\/betsson.sport\/es\/wp-json\/wp\/v2\/media\/16471"}],"wp:attachment":[{"href":"https:\/\/betsson.sport\/es\/wp-json\/wp\/v2\/media?parent=16470"}],"wp:term":[{"taxonomy":"category","embeddable":true,"href":"https:\/\/betsson.sport\/es\/wp-json\/wp\/v2\/categories?post=16470"},{"taxonomy":"post_tag","embeddable":true,"href":"https:\/\/betsson.sport\/es\/wp-json\/wp\/v2\/tags?post=16470"},{"taxonomy":"label","embeddable":true,"href":"https:\/\/betsson.sport\/es\/wp-json\/wp\/v2\/label?post=16470"},{"taxonomy":"country","embeddable":true,"href":"https:\/\/betsson.sport\/es\/wp-json\/wp\/v2\/country?post=16470"}],"curies":[{"name":"wp","href":"https:\/\/api.w.org\/{rel}","templated":true}]}}