{"id":16477,"date":"2026-09-04T19:50:47","date_gmt":"2026-09-04T22:50:47","guid":{"rendered":"https:\/\/betsson.sport\/es\/?p=16477"},"modified":"2026-09-04T23:17:47","modified_gmt":"2026-09-05T02:17:47","slug":"hernan-crespo-y-su-posibilidad-de-dirigir-a-river-no-voy-a-forzar-absolutamente-nada","status":"publish","type":"post","link":"https:\/\/betsson.sport\/es\/noticias\/futbol\/liga-profesional-argentina\/hernan-crespo-y-su-posibilidad-de-dirigir-a-river-no-voy-a-forzar-absolutamente-nada\/","title":{"rendered":"Hern\u00e1n Crespo y su posibilidad de dirigir a River: \u201cNo voy a forzar absolutamente nada\u201d"},"content":{"rendered":"\n<p class=\"wp-block-paragraph\"><strong>Hern\u00e1n Crespo&nbsp;<\/strong>atraviesa sus primeras semanas como entrenador de&nbsp;<strong>Atlas,<\/strong> sin embargo,&nbsp;su nombre apareci\u00f3 entre las opciones para reemplazar a&nbsp;E<strong>duardo Coudet&nbsp;<\/strong>en<strong>&nbsp;River Plate<\/strong>. El exgoleador de 51 a\u00f1os no descart\u00f3 un eventual regreso al Millonario aunque aclar\u00f3 que cualquier decisi\u00f3n depender\u00e1 del <strong>Grupo Prodi<\/strong><\/p>\n\n\n\n<p class=\"wp-block-paragraph\">La posibilidad de volver al club donde fue protagonista de una de las mayores conquistas de su carrera volvi\u00f3 a instalarse alrededor del DT quien fue h\u00e9roe de la Copa Libertadores 1996 con 10 goles, incluidos los dos que marc\u00f3 en la final, y en 2020 recibi\u00f3 una ovaci\u00f3n en el Monumental cuando regres\u00f3 como t\u00e9cnico de Defensa y Justicia, 24 a\u00f1os despu\u00e9s de su salida.<\/p>\n\n\n\n<figure class=\"wp-block-image size-large\"><img decoding=\"async\" width=\"1024\" height=\"683\" src=\"https:\/\/betsson.sport\/es\/wp-content\/uploads\/2026\/09\/sdlY0Yq0dZhC9I-nh-1024x683.jpg\" alt=\"\" class=\"wp-image-16486\" srcset=\"https:\/\/betsson.sport\/es\/wp-content\/uploads\/2026\/09\/sdlY0Yq0dZhC9I-nh-1024x683.jpg 1024w, https:\/\/betsson.sport\/es\/wp-content\/uploads\/2026\/09\/sdlY0Yq0dZhC9I-nh-420x280.jpg 420w, https:\/\/betsson.sport\/es\/wp-content\/uploads\/2026\/09\/sdlY0Yq0dZhC9I-nh-768x512.jpg 768w, https:\/\/betsson.sport\/es\/wp-content\/uploads\/2026\/09\/sdlY0Yq0dZhC9I-nh-1536x1024.jpg 1536w, https:\/\/betsson.sport\/es\/wp-content\/uploads\/2026\/09\/sdlY0Yq0dZhC9I-nh-2048x1365.jpg 2048w, https:\/\/betsson.sport\/es\/wp-content\/uploads\/2026\/09\/sdlY0Yq0dZhC9I-nh-540x360.jpg 540w\" sizes=\"(max-width: 1024px) 100vw, 1024px\" \/><figcaption class=\"wp-element-caption\">(Foto: Ismael Rosas\/eyepix via ZUMA Press Wire)<\/figcaption><\/figure>\n\n\n\n<p class=\"wp-block-paragraph\">Aunque su nombre tom\u00f3 fuerza tras la renuncia del Chacho, existe un obst\u00e1culo concreto para cualquier negociaci\u00f3n: una cl\u00e1usula cercana a los 7 millones de d\u00f3lares que Atlas podr\u00eda exigir por su salida. Esa situaci\u00f3n podr\u00eda modificarse en enero, mientras el entrenador sostiene que actualmente est\u00e1 conforme con el proyecto que inici\u00f3 hace menos de dos meses.<\/p>\n\n\n\n<p class=\"wp-block-paragraph\">Al referirse directamente a los rumores sobre el Millonario, Crespo remarc\u00f3: \u201cRiver es mi casa, pero es un rumor, no pas\u00f3 absolutamente nada. A fin de cuentas, yo estoy ac\u00e1 con el Grupo Prodi, y el grupo Prodi es el que va a decidir. Mi elecci\u00f3n est\u00e1 hecha y la del grupo Prodi tambi\u00e9n\".<\/p>\n\n\n\n<p class=\"wp-block-paragraph\">El entrenador tambi\u00e9n explic\u00f3 que no pretende intervenir en una eventual determinaci\u00f3n del grupo econ\u00f3mico que adquiri\u00f3 Atlas hace poco: \u201cEntiendo que ac\u00e1 la derecha, la fuerza la tiene el Grupo Prodi. Yo no voy a forzar absolutamente nada\u201d.<\/p>\n\n\n\n<figure class=\"wp-block-image size-large\"><img decoding=\"async\" width=\"1024\" height=\"683\" src=\"https:\/\/betsson.sport\/es\/wp-content\/uploads\/2026\/09\/sdlYdOsm2YrM_8-nh-1024x683.jpg\" alt=\"\" class=\"wp-image-16487\" srcset=\"https:\/\/betsson.sport\/es\/wp-content\/uploads\/2026\/09\/sdlYdOsm2YrM_8-nh-1024x683.jpg 1024w, https:\/\/betsson.sport\/es\/wp-content\/uploads\/2026\/09\/sdlYdOsm2YrM_8-nh-420x280.jpg 420w, https:\/\/betsson.sport\/es\/wp-content\/uploads\/2026\/09\/sdlYdOsm2YrM_8-nh-768x512.jpg 768w, https:\/\/betsson.sport\/es\/wp-content\/uploads\/2026\/09\/sdlYdOsm2YrM_8-nh-1536x1024.jpg 1536w, https:\/\/betsson.sport\/es\/wp-content\/uploads\/2026\/09\/sdlYdOsm2YrM_8-nh-2048x1366.jpg 2048w, https:\/\/betsson.sport\/es\/wp-content\/uploads\/2026\/09\/sdlYdOsm2YrM_8-nh-540x360.jpg 540w\" sizes=\"(max-width: 1024px) 100vw, 1024px\" \/><figcaption class=\"wp-element-caption\">(Foto: Alfredo ESTRELLA \/ AFP)<\/figcaption><\/figure>\n\n\n\n<p class=\"wp-block-paragraph\">\u201cPor lo que entiendo, y por lo que me manifestaron, Atlas no tiene ning\u00fan inter\u00e9s de que yo me vaya. Entonces es innecesario en un momento tan lindo de construcci\u00f3n, donde estamos tratando de mejorar, que no nos distraigan los rumores\u201d, resalt\u00f3.<\/p>\n\n\n\n<p class=\"wp-block-paragraph\">Finalmente, el exdelantero fue contundente al explicar qu\u00e9 tendr\u00eda que ocurrir si en alg\u00fan momento aparece una propuesta formal desde N\u00fa\u00f1ez: \u201cSi el d\u00eda de ma\u00f1ana se generara algo concreto, van a tener que hablar con el grupo Prodi, no lo van a tener que hablar conmigo\".<\/p>\n\n\n\n<p class=\"wp-block-paragraph\"><\/p>\n\n\n\n<p class=\"wp-block-paragraph\">&nbsp;<\/p>\n","protected":false},"excerpt":{"rendered":"<p>Aunque el DT apareci\u00f3 entre los candidatos tras la salida de Eduardo Coudet, su desvinculaci\u00f3n del Atlas depende de una decisi\u00f3n externa.<\/p>\n","protected":false},"author":23,"featured_media":16478,"comment_status":"closed","ping_status":"closed","sticky":true,"template":"","format":"standard","meta":{"_acf_changed":true,"footnotes":""},"categories":[1786],"tags":[844,650,88],"label":[],"country":[1473,1477],"class_list":["post-16477","post","type-post","status-publish","format-standard","has-post-thumbnail","hentry","category-liga-profesional-argentina","tag-atlas","tag-hernan-crespo","tag-river-plate","country-argentina","country-mexico"],"acf":[],"_links":{"self":[{"href":"https:\/\/betsson.sport\/es\/wp-json\/wp\/v2\/posts\/16477","targetHints":{"allow":["GET"]}}],"collection":[{"href":"https:\/\/betsson.sport\/es\/wp-json\/wp\/v2\/posts"}],"about":[{"href":"https:\/\/betsson.sport\/es\/wp-json\/wp\/v2\/types\/post"}],"author":[{"embeddable":true,"href":"https:\/\/betsson.sport\/es\/wp-json\/wp\/v2\/users\/23"}],"replies":[{"embeddable":true,"href":"https:\/\/betsson.sport\/es\/wp-json\/wp\/v2\/comments?post=16477"}],"version-history":[{"count":0,"href":"https:\/\/betsson.sport\/es\/wp-json\/wp\/v2\/posts\/16477\/revisions"}],"wp:featuredmedia":[{"embeddable":true,"href":"https:\/\/betsson.sport\/es\/wp-json\/wp\/v2\/media\/16478"}],"wp:attachment":[{"href":"https:\/\/betsson.sport\/es\/wp-json\/wp\/v2\/media?parent=16477"}],"wp:term":[{"taxonomy":"category","embeddable":true,"href":"https:\/\/betsson.sport\/es\/wp-json\/wp\/v2\/categories?post=16477"},{"taxonomy":"post_tag","embeddable":true,"href":"https:\/\/betsson.sport\/es\/wp-json\/wp\/v2\/tags?post=16477"},{"taxonomy":"label","embeddable":true,"href":"https:\/\/betsson.sport\/es\/wp-json\/wp\/v2\/label?post=16477"},{"taxonomy":"country","embeddable":true,"href":"https:\/\/betsson.sport\/es\/wp-json\/wp\/v2\/country?post=16477"}],"curies":[{"name":"wp","href":"https:\/\/api.w.org\/{rel}","templated":true}]}}