{"id":16536,"date":"2026-09-06T03:21:51","date_gmt":"2026-09-06T06:21:51","guid":{"rendered":"https:\/\/betsson.sport\/es\/?p=16536"},"modified":"2026-09-06T03:21:52","modified_gmt":"2026-09-06T06:21:52","slug":"santa-fe-empata-en-casa-y-ahora-se-enfoca-en-vasco-da-gama-el-partido-sera-una-final","status":"publish","type":"post","link":"https:\/\/betsson.sport\/es\/noticias\/futbol\/liga-colombia\/santa-fe-empata-en-casa-y-ahora-se-enfoca-en-vasco-da-gama-el-partido-sera-una-final\/","title":{"rendered":"Santa Fe empata en casa y ahora se enfoca en Vasco da Gama: \u201cEl partido ser\u00e1 una final\u201d"},"content":{"rendered":"\n<p class=\"wp-block-paragraph\">Santa Fe dej\u00f3 escapar una victoria que parec\u00eda encaminada y termin\u00f3 empatando 2-2 ante Fortaleza en El Camp\u00edn. El conjunto cardenal lleg\u00f3 a tener una ventaja de dos goles y estuvo cerca de ampliar la diferencia, pero perdi\u00f3 concentraci\u00f3n en el tramo final y permiti\u00f3 la reacci\u00f3n del visitante.<\/p>\n\n\n\n<p class=\"wp-block-paragraph\">El t\u00e9cnico Pablo Repetto reconoci\u00f3 la molestia por el resultado y asumi\u00f3 la responsabilidad por lo ocurrido. \u201cIndependientemente de todo tuvimos que haberlo resuelto y haber ganado los tres puntos\u201d, expres\u00f3.&nbsp;<\/p>\n\n\n\n<p class=\"wp-block-paragraph\">\u201cEn el futuro tendremos que estar un poquito m\u00e1s claros en que por encima que vengamos con un envi\u00f3n importante de haber clasificado con River, de haber ganado el cl\u00e1sico, que tenemos que ser desconfiados y hoy nos confiamos un poquito y terminamos regalando puntos\u201d, agreg\u00f3.<\/p>\n\n\n\n<figure class=\"wp-block-image size-large\"><img decoding=\"async\" width=\"2560\" height=\"1921\" src=\"https:\/\/betsson.sport\/es\/wp-content\/uploads\/2026\/09\/SaveClip.App_797452245_18618431932043815_6402360901948160172_n-1-edited-scaled.jpg\" alt=\"\" class=\"wp-image-16540\" srcset=\"https:\/\/betsson.sport\/es\/wp-content\/uploads\/2026\/09\/SaveClip.App_797452245_18618431932043815_6402360901948160172_n-1-edited-scaled.jpg 2560w, https:\/\/betsson.sport\/es\/wp-content\/uploads\/2026\/09\/SaveClip.App_797452245_18618431932043815_6402360901948160172_n-1-edited-420x315.jpg 420w, https:\/\/betsson.sport\/es\/wp-content\/uploads\/2026\/09\/SaveClip.App_797452245_18618431932043815_6402360901948160172_n-1-edited-1024x768.jpg 1024w, https:\/\/betsson.sport\/es\/wp-content\/uploads\/2026\/09\/SaveClip.App_797452245_18618431932043815_6402360901948160172_n-1-edited-768x576.jpg 768w, https:\/\/betsson.sport\/es\/wp-content\/uploads\/2026\/09\/SaveClip.App_797452245_18618431932043815_6402360901948160172_n-1-edited-1536x1153.jpg 1536w, https:\/\/betsson.sport\/es\/wp-content\/uploads\/2026\/09\/SaveClip.App_797452245_18618431932043815_6402360901948160172_n-1-edited-2048x1537.jpg 2048w, https:\/\/betsson.sport\/es\/wp-content\/uploads\/2026\/09\/SaveClip.App_797452245_18618431932043815_6402360901948160172_n-1-edited-480x360.jpg 480w\" sizes=\"(max-width: 2560px) 100vw, 2560px\" \/><figcaption class=\"wp-element-caption\">Foto v\u00eda Instagram Oficial de Santa Fe. <\/figcaption><\/figure>\n\n\n\n<p class=\"wp-block-paragraph\">Repetto tambi\u00e9n explic\u00f3 que el \u2018Le\u00f3n\u2019 gener\u00f3 opciones para liquidar el encuentro, pero careci\u00f3 de efectividad y concentraci\u00f3n: \u201cEl equipo gener\u00f3, no le generaron mucho. Estamos dolidos, s\u00ed, porque hubi\u00e9ramos quedado mejor posicionados en la tabla, pero en el juego yo vi cosas buenas del equipo\u201d.<\/p>\n\n\n\n<p class=\"wp-block-paragraph\">El entrenador asegur\u00f3 que el empate no cambia el objetivo inmediato: \u201cEl partido del martes (contra Vasco da Gama en Sudamericana) ser\u00e1 una final y es una posibilidad que tenemos de estar entre los cuatro mejores del torneo\u201d.&nbsp;<\/p>\n\n\n\n<p class=\"wp-block-paragraph\">Ahora Santa Fe deber\u00e1 pasar p\u00e1gina r\u00e1pidamente y centrar toda su atenci\u00f3n en el duelo que puede marcar su temporada. El encuentro ante Vasco da Gama comenzar\u00e1 a las 5:00 p. m. en El Camp\u00edn, donde se espera una asistencia cercana a los 35.000 espectadores.<\/p>\n\n\n\n<figure class=\"wp-block-embed is-type-rich is-provider-x wp-block-embed-x\"><div class=\"wp-block-embed__wrapper\">\n<blockquote class=\"twitter-tweet\" data-width=\"500\" data-dnt=\"true\"><p lang=\"es\" dir=\"ltr\">\u00a1SE EMPATA EL JUEGO EN EL CIERRE DEL PARTIDO PARA <a href=\"https:\/\/x.com\/FortalezaFC_Of?ref_src=twsrc%5Etfw\">@FortalezaFC_Of<\/a>! Juan David Garc\u00eda pone el 2-2 ante Santa Fe. <a href=\"https:\/\/x.com\/hashtag\/LALIGAxWIN?src=hash&amp;ref_src=twsrc%5Etfw\">#LALIGAxWIN<\/a> \u26aa\u26bd\ud83d\udd25 <a href=\"https:\/\/t.co\/KMdxQO26TK\">pic.twitter.com\/KMdxQO26TK<\/a><\/p>&mdash; Win Sports (@WinSportsTV) <a href=\"https:\/\/x.com\/WinSportsTV\/status\/2096407627475398716?ref_src=twsrc%5Etfw\">September 6, 2026<\/a><\/blockquote><script async src=\"https:\/\/platform.x.com\/widgets.js\" charset=\"utf-8\"><\/script>\n<\/div><\/figure>\n","protected":false},"excerpt":{"rendered":"<p>El t\u00e9cnico Pablo Repetto lament\u00f3 los puntos perdidos ante Fortaleza y advirti\u00f3 que el plantel ya tiene la mirada puesta en el duelo de cuartos de final de la Sudamericana.<\/p>\n","protected":false},"author":22,"featured_media":16538,"comment_status":"closed","ping_status":"closed","sticky":false,"template":"","format":"standard","meta":{"_acf_changed":true,"footnotes":""},"categories":[1791],"tags":[249,398,1772],"label":[],"country":[1476],"class_list":["post-16536","post","type-post","status-publish","format-standard","has-post-thumbnail","hentry","category-liga-colombia","tag-liga-colombiana","tag-santa-fe","tag-santa-fe-de-bogota","country-colombia"],"acf":[],"_links":{"self":[{"href":"https:\/\/betsson.sport\/es\/wp-json\/wp\/v2\/posts\/16536","targetHints":{"allow":["GET"]}}],"collection":[{"href":"https:\/\/betsson.sport\/es\/wp-json\/wp\/v2\/posts"}],"about":[{"href":"https:\/\/betsson.sport\/es\/wp-json\/wp\/v2\/types\/post"}],"author":[{"embeddable":true,"href":"https:\/\/betsson.sport\/es\/wp-json\/wp\/v2\/users\/22"}],"replies":[{"embeddable":true,"href":"https:\/\/betsson.sport\/es\/wp-json\/wp\/v2\/comments?post=16536"}],"version-history":[{"count":0,"href":"https:\/\/betsson.sport\/es\/wp-json\/wp\/v2\/posts\/16536\/revisions"}],"wp:featuredmedia":[{"embeddable":true,"href":"https:\/\/betsson.sport\/es\/wp-json\/wp\/v2\/media\/16538"}],"wp:attachment":[{"href":"https:\/\/betsson.sport\/es\/wp-json\/wp\/v2\/media?parent=16536"}],"wp:term":[{"taxonomy":"category","embeddable":true,"href":"https:\/\/betsson.sport\/es\/wp-json\/wp\/v2\/categories?post=16536"},{"taxonomy":"post_tag","embeddable":true,"href":"https:\/\/betsson.sport\/es\/wp-json\/wp\/v2\/tags?post=16536"},{"taxonomy":"label","embeddable":true,"href":"https:\/\/betsson.sport\/es\/wp-json\/wp\/v2\/label?post=16536"},{"taxonomy":"country","embeddable":true,"href":"https:\/\/betsson.sport\/es\/wp-json\/wp\/v2\/country?post=16536"}],"curies":[{"name":"wp","href":"https:\/\/api.w.org\/{rel}","templated":true}]}}