{"id":3243,"date":"2025-09-21T00:08:08","date_gmt":"2025-09-21T03:08:08","guid":{"rendered":"https:\/\/betsson.sport\/es\/?p=3243"},"modified":"2026-01-26T11:03:43","modified_gmt":"2026-01-26T14:03:43","slug":"cerro-porteno-volvio-al-triunfo-y-alcanzo-la-cima-del-clausura-tras-vencer-2-0-a-sportivo-ameliano","status":"publish","type":"post","link":"https:\/\/betsson.sport\/es\/noticias\/futbol\/copa-primera-paraguay\/cerro-porteno-volvio-al-triunfo-y-alcanzo-la-cima-del-clausura-tras-vencer-2-0-a-sportivo-ameliano\/","title":{"rendered":"Cerro Porte\u00f1o volvi\u00f3 al triunfo y alcanz\u00f3 la cima del Clausura tras vencer 2-0 a Sportivo Ameliano"},"content":{"rendered":"\n<p>Cerro Porte\u00f1o derrot\u00f3 2-0 a Sportivo Ameliano este s\u00e1bado en el estadio La Nueva Olla, por la fecha 13 del Torneo Clausura 2025.<\/p>\n\n\n\n<p>Este fue el primer encuentro tras la salida del argentino Diego Mart\u00ednez de la direcci\u00f3n t\u00e9cnica del Azulgrana. La conducci\u00f3n del primer equipo estuvo a cargo de Jorge Achucarro, mientras aumentan las posibilidades de que Pedro Sarabia, actual DT de Nacional, asuma el cargo en los pr\u00f3ximos d\u00edas.<\/p>\n\n\n\n<p>El partido se condicion\u00f3 temprano, cuando el lateral Tom\u00e1s Lezcano fue expulsado en la visita a los 11 minutos de juego. Sin embargo, pese a la superioridad num\u00e9rica, el Cicl\u00f3n de Barrio Obrero no logr\u00f3 abrir el marcador en la primera parte.<\/p>\n\n\n\n<p>La historia cambi\u00f3 en el segundo tiempo. A los 49 minutos, Luis Amarilla conect\u00f3 de cabeza un centro de Blas Riveros para poner el 1-0. Poco despu\u00e9s, al 58, Jorge Morel ampli\u00f3 la diferencia con un remate preciso y asegur\u00f3 el triunfo azulgrana.<\/p>\n\n\n\n<p>Con el 2-0 final, Cerro Porte\u00f1o volvi\u00f3 a la senda de la victoria y alcanz\u00f3 la cima de la tabla con 25 puntos, igualando a Guaran\u00ed, que a\u00fan debe disputar su partido ante Nacional este domingo en La Arboleda.<\/p>\n\n\n\n<p>Para Sportivo Ameliano, la derrota significa continuar en el fondo de la clasificaci\u00f3n y, adem\u00e1s, complicar sus aspiraciones de acceder a un torneo internacional.<\/p>\n","protected":false},"excerpt":{"rendered":"<p>Con goles de Luis Amarilla y Jorge Morel, el Cicl\u00f3n se impuso en La Nueva Olla en el primer partido tras la salida de Diego Mart\u00ednez. Los azulgranas alcanzaron a Guaran\u00ed en lo m\u00e1s alto de la tabla.<\/p>\n","protected":false},"author":23,"featured_media":3244,"comment_status":"closed","ping_status":"closed","sticky":false,"template":"","format":"standard","meta":{"_acf_changed":false,"footnotes":""},"categories":[1796],"tags":[159,243,266,71,265,205],"label":[],"country":[1478],"class_list":["post-3243","post","type-post","status-publish","format-standard","has-post-thumbnail","hentry","category-copa-primera-paraguay","tag-cerro-porteno","tag-futbol-paraguayo","tag-liga-paraguaya","tag-paraguay","tag-sportivo-ameliano","tag-torneo-clausura","country-paraguay"],"acf":[],"_links":{"self":[{"href":"https:\/\/betsson.sport\/es\/wp-json\/wp\/v2\/posts\/3243","targetHints":{"allow":["GET"]}}],"collection":[{"href":"https:\/\/betsson.sport\/es\/wp-json\/wp\/v2\/posts"}],"about":[{"href":"https:\/\/betsson.sport\/es\/wp-json\/wp\/v2\/types\/post"}],"author":[{"embeddable":true,"href":"https:\/\/betsson.sport\/es\/wp-json\/wp\/v2\/users\/23"}],"replies":[{"embeddable":true,"href":"https:\/\/betsson.sport\/es\/wp-json\/wp\/v2\/comments?post=3243"}],"version-history":[{"count":0,"href":"https:\/\/betsson.sport\/es\/wp-json\/wp\/v2\/posts\/3243\/revisions"}],"wp:featuredmedia":[{"embeddable":true,"href":"https:\/\/betsson.sport\/es\/wp-json\/wp\/v2\/media\/3244"}],"wp:attachment":[{"href":"https:\/\/betsson.sport\/es\/wp-json\/wp\/v2\/media?parent=3243"}],"wp:term":[{"taxonomy":"category","embeddable":true,"href":"https:\/\/betsson.sport\/es\/wp-json\/wp\/v2\/categories?post=3243"},{"taxonomy":"post_tag","embeddable":true,"href":"https:\/\/betsson.sport\/es\/wp-json\/wp\/v2\/tags?post=3243"},{"taxonomy":"label","embeddable":true,"href":"https:\/\/betsson.sport\/es\/wp-json\/wp\/v2\/label?post=3243"},{"taxonomy":"country","embeddable":true,"href":"https:\/\/betsson.sport\/es\/wp-json\/wp\/v2\/country?post=3243"}],"curies":[{"name":"wp","href":"https:\/\/api.w.org\/{rel}","templated":true}]}}