{"id":3438,"date":"2025-09-24T19:42:47","date_gmt":"2025-09-24T22:42:47","guid":{"rendered":"https:\/\/staging.betsson.sport\/es\/?p=3438"},"modified":"2026-01-08T10:51:05","modified_gmt":"2026-01-08T13:51:05","slug":"que-es-de-la-vida-del-zlatan-peruano","status":"publish","type":"post","link":"https:\/\/betsson.sport\/es\/noticias\/que-es-de-la-vida-del-zlatan-peruano\/","title":{"rendered":"\u00bfQu\u00e9 es de la vida del \u2018Zlatan peruano\u2019?"},"content":{"rendered":"\n<p>El f\u00fatbol peruano ha tenido a lo largo de su historia delanteros que dejaron huella en un club sin necesidad de haber ganado t\u00edtulos. Entre ellos, Jos\u00e9 Carlos Fern\u00e1ndez, atacante que se gan\u00f3 el cari\u00f1o de la hinchada blanquiazul por su entrega, capacidad goleadora y esa forma tan particular de gritar los goles. Seg\u00fan muchos reporteros gr\u00e1ficos, \u201cel mejor celebrando goles para la postal\u201d.&nbsp;<\/p>\n\n\n\n<p>Imposible olvidar la Copa Libertadores del 2010, cuando en ocho partidos disputados por Alianza, convirti\u00f3 siete tantos que llevaron a los \u00edntimos hasta octavos de final, siendo esa su \u00faltima mejor campa\u00f1a en dicho torneo hasta la actualidad. Aquella vez la U. de Chile los elimin\u00f3 con mucha pol\u00e9mica y por esas cosas del f\u00fatbol y el destino, quince a\u00f1os despu\u00e9s los de La Victoria se juegan este Jueves su pase a semifinales de la sudamericana ante el mismo rival. Vale decir que ya retirado oficialmente hace tres a\u00f1os, Jos\u00e9 Carlos quiso ser parte de esta nueva historia y en la ida estuvo en Matute como un hincha m\u00e1s.<\/p>\n\n\n\n<p>Tras colgar los botines, \u2018El Zlatan peruano\u2019, se vincul\u00f3 directamente con el club de su ciudad natal, el Carlos A. Mannucci de Trujillo, que adem\u00e1s lo acogi\u00f3 en sus \u00faltimas cuatro temporadas como profesional. All\u00ed asumi\u00f3 la gerencia deportiva, buscando durante su gesti\u00f3n, fortalecer la identidad del equipo y apostar por el desarrollo de j\u00f3venes talentos de la regi\u00f3n.<\/p>\n\n\n\n<p>Queda claro que a sus 42 a\u00f1os, sigue y seguir\u00e1 ligado al f\u00fatbol desde el \u00e1rea que le corresponda.<\/p>\n\n\n\n<p>A inicios de este a\u00f1o, decidi\u00f3 dejar el cargo y hace una semana, justo el mismo d\u00eda de la ida entre Alianza y la U. de Chile, se estren\u00f3 como conductor digital en el podcast \u201cEn tres toques\u201d v\u00eda Youtube.&nbsp;<\/p>\n","protected":false},"excerpt":{"rendered":"<p>Jos\u00e9 Carlos Fern\u00e1ndez, delantero trujillano que se gan\u00f3 el cari\u00f1o del hincha blanquiazul, se retir\u00f3 hace tres a\u00f1os pero sigue ligado al f\u00fatbol. Aqu\u00ed te contamos de qu\u00e9 manera. <\/p>\n","protected":false},"author":17,"featured_media":0,"comment_status":"closed","ping_status":"closed","sticky":false,"template":"","format":"standard","meta":{"_acf_changed":false,"footnotes":""},"categories":[9],"tags":[122,360,121,371],"label":[],"country":[1479],"class_list":["post-3438","post","type-post","status-publish","format-standard","hentry","category-noticias","tag-alianza-lima","tag-copa-libertadores","tag-copa-sudamericana","tag-jose-carlos-fernandez","country-peru"],"acf":[],"_links":{"self":[{"href":"https:\/\/betsson.sport\/es\/wp-json\/wp\/v2\/posts\/3438","targetHints":{"allow":["GET"]}}],"collection":[{"href":"https:\/\/betsson.sport\/es\/wp-json\/wp\/v2\/posts"}],"about":[{"href":"https:\/\/betsson.sport\/es\/wp-json\/wp\/v2\/types\/post"}],"author":[{"embeddable":true,"href":"https:\/\/betsson.sport\/es\/wp-json\/wp\/v2\/users\/17"}],"replies":[{"embeddable":true,"href":"https:\/\/betsson.sport\/es\/wp-json\/wp\/v2\/comments?post=3438"}],"version-history":[{"count":0,"href":"https:\/\/betsson.sport\/es\/wp-json\/wp\/v2\/posts\/3438\/revisions"}],"wp:attachment":[{"href":"https:\/\/betsson.sport\/es\/wp-json\/wp\/v2\/media?parent=3438"}],"wp:term":[{"taxonomy":"category","embeddable":true,"href":"https:\/\/betsson.sport\/es\/wp-json\/wp\/v2\/categories?post=3438"},{"taxonomy":"post_tag","embeddable":true,"href":"https:\/\/betsson.sport\/es\/wp-json\/wp\/v2\/tags?post=3438"},{"taxonomy":"label","embeddable":true,"href":"https:\/\/betsson.sport\/es\/wp-json\/wp\/v2\/label?post=3438"},{"taxonomy":"country","embeddable":true,"href":"https:\/\/betsson.sport\/es\/wp-json\/wp\/v2\/country?post=3438"}],"curies":[{"name":"wp","href":"https:\/\/api.w.org\/{rel}","templated":true}]}}