{"id":3516,"date":"2025-09-25T13:58:57","date_gmt":"2025-09-25T16:58:57","guid":{"rendered":"https:\/\/staging.betsson.sport\/es\/?p=3516"},"modified":"2025-09-25T13:58:58","modified_gmt":"2025-09-25T16:58:58","slug":"egan-bernal-mueve-el-mercado-su-proximo-paso-podria-podria-marcar-historia","status":"publish","type":"post","link":"https:\/\/betsson.sport\/es\/noticias\/mas-deportes\/egan-bernal-mueve-el-mercado-su-proximo-paso-podria-podria-marcar-historia\/","title":{"rendered":"Egan Bernal mueve el mercado: su pr\u00f3ximo paso podr\u00eda podr\u00eda marcar historia"},"content":{"rendered":"\n<p>El ciclismo internacional podr\u00eda vivir un giro inesperado: desde Italia informan que <strong>Egan Bernal<\/strong> est\u00e1 cerca de incorporarse al equipo<strong> Visma Lease a Bike<\/strong> para la temporada 2026. El colombiano, campe\u00f3n del Tour de Francia y del Giro de Italia,<strong> <\/strong>llegar\u00eda como refuerzo clave para acompa\u00f1ar a <strong>Jonas Vingegaard<\/strong> en su intento por conquistar la ronda italiana.<\/p>\n\n\n\n<p>La estrategia del equipo neerland\u00e9s apunta a enfrentar directamente a <strong>Tadej Pogacar, <\/strong>principal favorito para el Giro. Bernal asumir\u00eda el rol de gregario de lujo, aportando experiencia en monta\u00f1a y conocimiento del terreno. Adem\u00e1s, se contempla que ambos corredores compartan liderazgo en el Tour de Francia,<strong> lo que convertir\u00eda al Visma en una escuadra de doble amenaza.<\/strong><\/p>\n\n\n\n<p>Aunque Bernal tiene contrato vigente con <strong>Ineos Grenadiers <\/strong>hasta 2026, se especula que las negociaciones entre equipos podr\u00edan facilitar su salida anticipada. Su posible llegada marcar\u00eda un nuevo cap\u00edtulo en su carrera, tras a\u00f1os de recuperaci\u00f3n f\u00edsica y b\u00fasqueda de regularidad.<\/p>\n\n\n\n<figure class=\"wp-block-image size-large\"><img decoding=\"async\" width=\"2560\" height=\"1439\" src=\"https:\/\/staging.betsson.sport\/es\/wp-content\/uploads\/2025\/09\/sdlsouVcamZ56Q-nh1-edited-scaled.jpg\" alt=\"\" class=\"wp-image-3522\" srcset=\"https:\/\/betsson.sport\/es\/wp-content\/uploads\/2025\/09\/sdlsouVcamZ56Q-nh1-edited-scaled.jpg 2560w, https:\/\/betsson.sport\/es\/wp-content\/uploads\/2025\/09\/sdlsouVcamZ56Q-nh1-edited-420x236.jpg 420w, https:\/\/betsson.sport\/es\/wp-content\/uploads\/2025\/09\/sdlsouVcamZ56Q-nh1-edited-1024x576.jpg 1024w, https:\/\/betsson.sport\/es\/wp-content\/uploads\/2025\/09\/sdlsouVcamZ56Q-nh1-edited-768x432.jpg 768w, https:\/\/betsson.sport\/es\/wp-content\/uploads\/2025\/09\/sdlsouVcamZ56Q-nh1-edited-1536x864.jpg 1536w, https:\/\/betsson.sport\/es\/wp-content\/uploads\/2025\/09\/sdlsouVcamZ56Q-nh1-edited-2048x1151.jpg 2048w, https:\/\/betsson.sport\/es\/wp-content\/uploads\/2025\/09\/sdlsouVcamZ56Q-nh1-edited-640x360.jpg 640w\" sizes=\"(max-width: 2560px) 100vw, 2560px\" \/><figcaption class=\"wp-element-caption\">Egan Bernal en acci\u00f3n durante el UCI World Tour Cycling, en Le Bouveret, Suiza (Jean-Christophe Bott\/Keystone v\u00eda AP\/TT).<\/figcaption><\/figure>\n\n\n\n<p>La operaci\u00f3n tambi\u00e9n tendr\u00eda implicaciones estrat\u00e9gicas para Visma, ante los rumores de una eventual salida de Vingegaard al finalizar la pr\u00f3xima temporada. La dupla con Bernal permitir\u00eda al equipo mantener competitividad en las grandes vueltas y consolidar su dominio en el pelot\u00f3n internacional.<\/p>\n\n\n\n<p>De concretarse, el fichaje de Bernal no solo reforzar\u00eda al Visma, <strong>sino que reconfigurar\u00eda el mapa de favoritos en el ciclismo mundial para 2026.<\/strong><\/p>\n","protected":false},"excerpt":{"rendered":"<p>El ciclismo internacional podr\u00eda vivir un giro inesperado: desde Italia informan que Egan Bernal est\u00e1 cerca de incorporarse al equipo Visma Lease a Bike para la temporada 2026. El colombiano, campe\u00f3n del Tour de Francia y del Giro de Italia, llegar\u00eda como refuerzo clave para acompa\u00f1ar a Jonas Vingegaard en su intento por conquistar la [&hellip;]<\/p>\n","protected":false},"author":22,"featured_media":3520,"comment_status":"closed","ping_status":"closed","sticky":false,"template":"","format":"standard","meta":{"_acf_changed":false,"footnotes":""},"categories":[155],"tags":[368,400,402,404,403,401],"label":[],"country":[],"class_list":["post-3516","post","type-post","status-publish","format-standard","has-post-thumbnail","hentry","category-mas-deportes","tag-ciclismo","tag-egan-bernal","tag-giro-de-italia","tag-ineos-grenadiers","tag-jonas-vingegaard","tag-tour-de-francia"],"acf":[],"_links":{"self":[{"href":"https:\/\/betsson.sport\/es\/wp-json\/wp\/v2\/posts\/3516","targetHints":{"allow":["GET"]}}],"collection":[{"href":"https:\/\/betsson.sport\/es\/wp-json\/wp\/v2\/posts"}],"about":[{"href":"https:\/\/betsson.sport\/es\/wp-json\/wp\/v2\/types\/post"}],"author":[{"embeddable":true,"href":"https:\/\/betsson.sport\/es\/wp-json\/wp\/v2\/users\/22"}],"replies":[{"embeddable":true,"href":"https:\/\/betsson.sport\/es\/wp-json\/wp\/v2\/comments?post=3516"}],"version-history":[{"count":0,"href":"https:\/\/betsson.sport\/es\/wp-json\/wp\/v2\/posts\/3516\/revisions"}],"wp:featuredmedia":[{"embeddable":true,"href":"https:\/\/betsson.sport\/es\/wp-json\/wp\/v2\/media\/3520"}],"wp:attachment":[{"href":"https:\/\/betsson.sport\/es\/wp-json\/wp\/v2\/media?parent=3516"}],"wp:term":[{"taxonomy":"category","embeddable":true,"href":"https:\/\/betsson.sport\/es\/wp-json\/wp\/v2\/categories?post=3516"},{"taxonomy":"post_tag","embeddable":true,"href":"https:\/\/betsson.sport\/es\/wp-json\/wp\/v2\/tags?post=3516"},{"taxonomy":"label","embeddable":true,"href":"https:\/\/betsson.sport\/es\/wp-json\/wp\/v2\/label?post=3516"},{"taxonomy":"country","embeddable":true,"href":"https:\/\/betsson.sport\/es\/wp-json\/wp\/v2\/country?post=3516"}],"curies":[{"name":"wp","href":"https:\/\/api.w.org\/{rel}","templated":true}]}}