{"id":3518,"date":"2025-09-25T13:39:19","date_gmt":"2025-09-25T16:39:19","guid":{"rendered":"https:\/\/staging.betsson.sport\/es\/?p=3518"},"modified":"2026-01-08T10:47:48","modified_gmt":"2026-01-08T13:47:48","slug":"jorge-bava-deja-a-santa-fe-tras-vencer-a-medellin-sera-nuevo-dt-de-cerro-porteno","status":"publish","type":"post","link":"https:\/\/betsson.sport\/es\/noticias\/futbol\/jorge-bava-deja-a-santa-fe-tras-vencer-a-medellin-sera-nuevo-dt-de-cerro-porteno\/","title":{"rendered":"Jorge Bava deja a Santa Fe tras vencer a Medell\u00edn: ser\u00e1 nuevo DT de Cerro Porte\u00f1o"},"content":{"rendered":"\n<p>Jorge Bava sorprendi\u00f3 tras la victoria de Santa Fe 2-1 sobre Independiente Medell\u00edn en el Atanasio Girardot por la ida de los cuartos de final de la Copa Colombia 2025. El t\u00e9cnico uruguayo confirm\u00f3 que no seguir\u00e1 en el equipo bogotano y que ya tiene todo acordado para convertirse en nuevo entrenador de Cerro Porte\u00f1o.<\/p>\n\n\n\n<p>El arribo del DT al conjunto paraguayo ser\u00e1 este viernes. En su lugar, Jorge Achucarro qued\u00f3 designado para dirigir a los cardenales en el compromiso de la Fecha 14 del Clausura frente a Sportivo Luque\u00f1o, el s\u00e1bado 27.<\/p>\n\n\n\n<p>En conferencia de prensa, Bava explic\u00f3 las razones de su decisi\u00f3n, pese a haber sido campe\u00f3n con Santa Fe en el primer semestre. El entrenador reconoci\u00f3 que la oferta paraguaya fue determinante y que, aunque el presidente Eduardo M\u00e9ndez intent\u00f3 retenerlo, no pod\u00eda dejar pasar esta oportunidad.<\/p>\n\n\n\n<p>\u201cHace dos d\u00edas tuve una oferta y con mi cuerpo t\u00e9cnico decidimos aceptarla. Vimos una oportunidad para nuestro futuro y el club tuvo toda la intenci\u00f3n a ra\u00edz de eso para poder contar con nosotros, pero se lo dije a Eduardo M\u00e9ndez en su momento: no pod\u00edamos permitir que se hicieran locuras porque los jugadores son los m\u00e1s importantes\u201d, se\u00f1al\u00f3.<\/p>\n\n\n\n<p>El uruguayo aclar\u00f3 que su salida se trat\u00f3 de una elecci\u00f3n personal m\u00e1s que contractual: \u201cTratamos de mejorar su potencial y admiro su forma de conducir en cuanto a orden, pero fue mi decisi\u00f3n. No fue desde lo contractual, sino de lo afectivo porque viv\u00ed seis meses espectaculares\u201d.<\/p>\n\n\n\n<p>Tambi\u00e9n dej\u00f3 palabras de gratitud por lo vivido en el banquillo cardenal: \u201cA veces pasa que hay un afecto grand\u00edsimo y no est\u00e1 la suerte de haberlo coronado. Soy privilegiado por estar en el momento en que se logr\u00f3 un t\u00edtulo. La d\u00e9cima fue espectacular y gigante\u201d.<\/p>\n\n\n\n<p>Bava resalt\u00f3 la magnitud del club y lo que le dej\u00f3 la experiencia en Colombia: \u201cNo tengo dudas que son un gigante de Am\u00e9rica y Colombia, pero no toca mezclar las cosas. Vine convencido por el campeonato empezado, los vi por televisi\u00f3n y dije \u2018por qu\u00e9 no\u2019. Habl\u00e9 con Pablo Peirano, pero se qued\u00f3 corto con todos los atributos que me dio del club\u201d.<\/p>\n\n\n\n<p>El entrenador uruguayo deja un Santa Fe que marcha noveno en la tabla de la Liga con 17 puntos, aunque con ventaja en los cuartos de la Copa Colombia. En Paraguay, lo espera un Cerro Porte\u00f1o que ocupa la segunda posici\u00f3n del Clausura con 25 unidades y que recientemente despidi\u00f3 al argentino Diego Mart\u00ednez.<\/p>\n","protected":false},"excerpt":{"rendered":"<p>El uruguayo sorprendi\u00f3 al anunciar su salida inmediata del equipo bogotano, pese a haber sido campe\u00f3n en el primer semestre. Asumir\u00e1 en Paraguay este viernes, mientras Jorge Achucarro tomar\u00e1 de forma interina las riendas cardenales.<\/p>\n","protected":false},"author":23,"featured_media":3519,"comment_status":"closed","ping_status":"closed","sticky":false,"template":"","format":"standard","meta":{"_acf_changed":false,"footnotes":""},"categories":[7],"tags":[159,243,397,398],"label":[],"country":[1478],"class_list":["post-3518","post","type-post","status-publish","format-standard","has-post-thumbnail","hentry","category-futbol","tag-cerro-porteno","tag-futbol-paraguayo","tag-jorge-bava","tag-santa-fe","country-paraguay"],"acf":[],"_links":{"self":[{"href":"https:\/\/betsson.sport\/es\/wp-json\/wp\/v2\/posts\/3518","targetHints":{"allow":["GET"]}}],"collection":[{"href":"https:\/\/betsson.sport\/es\/wp-json\/wp\/v2\/posts"}],"about":[{"href":"https:\/\/betsson.sport\/es\/wp-json\/wp\/v2\/types\/post"}],"author":[{"embeddable":true,"href":"https:\/\/betsson.sport\/es\/wp-json\/wp\/v2\/users\/23"}],"replies":[{"embeddable":true,"href":"https:\/\/betsson.sport\/es\/wp-json\/wp\/v2\/comments?post=3518"}],"version-history":[{"count":0,"href":"https:\/\/betsson.sport\/es\/wp-json\/wp\/v2\/posts\/3518\/revisions"}],"wp:featuredmedia":[{"embeddable":true,"href":"https:\/\/betsson.sport\/es\/wp-json\/wp\/v2\/media\/3519"}],"wp:attachment":[{"href":"https:\/\/betsson.sport\/es\/wp-json\/wp\/v2\/media?parent=3518"}],"wp:term":[{"taxonomy":"category","embeddable":true,"href":"https:\/\/betsson.sport\/es\/wp-json\/wp\/v2\/categories?post=3518"},{"taxonomy":"post_tag","embeddable":true,"href":"https:\/\/betsson.sport\/es\/wp-json\/wp\/v2\/tags?post=3518"},{"taxonomy":"label","embeddable":true,"href":"https:\/\/betsson.sport\/es\/wp-json\/wp\/v2\/label?post=3518"},{"taxonomy":"country","embeddable":true,"href":"https:\/\/betsson.sport\/es\/wp-json\/wp\/v2\/country?post=3518"}],"curies":[{"name":"wp","href":"https:\/\/api.w.org\/{rel}","templated":true}]}}