{"id":3632,"date":"2025-09-27T20:17:43","date_gmt":"2025-09-27T23:17:43","guid":{"rendered":"https:\/\/staging.betsson.sport\/es\/?p=3632"},"modified":"2025-12-16T11:54:53","modified_gmt":"2025-12-16T14:54:53","slug":"latidos-en-avellaneda","status":"publish","type":"post","link":"https:\/\/betsson.sport\/es\/noticias\/futbol\/latidos-en-avellaneda\/","title":{"rendered":"Latidos en Avellaneda"},"content":{"rendered":"\n<p>Luego de sellar su pase a las semifinales de la Copa Libertadores, Racing est\u00e1 completamente concentrado en el Cl\u00e1sico de Avellaneda contra Independiente. Este encuentro se llevar\u00e1 a cabo el pr\u00f3ximo domingo 28 de septiembre, como parte de la d\u00e9cima jornada del Torneo Clausura 2025 en el estadio de los dirigidos por Costas.<\/p>\n\n\n\n<p>La \"Academia\" arriba con una dosis de moral palpable, producto de su reciente \u00e9xito en el certamen continental. En la vereda de enfrente, el \"Rojo\" busca que el arribo de un t\u00e9cnico de renombre, como el experimentado Gustavo Quinteros, sirva para maquillar la crisis institucional, la dura ca\u00edda en la Copa Sudamericana y el bajo rendimiento deportivo que dej\u00f3 su antecesor, Julio Vaccari.<\/p>\n\n\n\n<p>Racing se ocup\u00f3 de caldear el ambiente previo al encuentro. Para ello, destacaron su logro de superar la marca de los cien mil abonados y, de paso, insinuaron que las estad\u00edsticas de socios de Independiente son exageradas y obsoletas. En su comunicado, adem\u00e1s, recordaron triunfos sobre reveses hist\u00f3ricos, mencionando una quiebra superada. Pese a que podr\u00eda pensarse que toda la atenci\u00f3n de la \"Academia\" est\u00e1 puesta \u00fanicamente en el Cl\u00e1sico, tambi\u00e9n existe aspiraci\u00f3n por derrotar a River Plate en la Copa Argentina el pr\u00f3ximo jueves, lo que tambi\u00e9n servir\u00eda para zanjar de una vez por todas el espinoso tema del traspaso de Salas. Gustavo Quinteros tendr\u00e1 su primer partido como entrenador con la complicaci\u00f3n inmediata de buscar un sustituto para el atacante Gabriel \u00c1valos. El estratega que viene de coronarse campe\u00f3n con V\u00e9lez y de una breve estad\u00eda en Gremio, opt\u00f3 por aceptar el dif\u00edcil reto en Independiente. Su motivaci\u00f3n principal fue la firme creencia en la calidad del actual equipo y la garant\u00eda de que la dirigencia incorporar\u00e1 nuevos fichajes en el siguiente periodo de pases.<\/p>\n","protected":false},"excerpt":{"rendered":"<p>Luego de sellar su pase a las semifinales de la Copa Libertadores, Racing est\u00e1 completamente concentrado en el Cl\u00e1sico de Avellaneda contra Independiente. Este encuentro se llevar\u00e1 a cabo el pr\u00f3ximo domingo 28 de septiembre, como parte de la d\u00e9cima jornada del Torneo Clausura 2025 en el estadio de los dirigidos por Costas. La \"Academia\" [&hellip;]<\/p>\n","protected":false},"author":16,"featured_media":3596,"comment_status":"closed","ping_status":"closed","sticky":false,"template":"","format":"standard","meta":{"_acf_changed":true,"footnotes":""},"categories":[7],"tags":[441,445,442,443,362,444,77],"label":[],"country":[1473],"class_list":["post-3632","post","type-post","status-publish","format-standard","has-post-thumbnail","hentry","category-futbol","tag-avellaneda","tag-cilindro","tag-clasico","tag-costas","tag-independiente","tag-quinteros","tag-racing","country-argentina"],"acf":[],"_links":{"self":[{"href":"https:\/\/betsson.sport\/es\/wp-json\/wp\/v2\/posts\/3632","targetHints":{"allow":["GET"]}}],"collection":[{"href":"https:\/\/betsson.sport\/es\/wp-json\/wp\/v2\/posts"}],"about":[{"href":"https:\/\/betsson.sport\/es\/wp-json\/wp\/v2\/types\/post"}],"author":[{"embeddable":true,"href":"https:\/\/betsson.sport\/es\/wp-json\/wp\/v2\/users\/16"}],"replies":[{"embeddable":true,"href":"https:\/\/betsson.sport\/es\/wp-json\/wp\/v2\/comments?post=3632"}],"version-history":[{"count":0,"href":"https:\/\/betsson.sport\/es\/wp-json\/wp\/v2\/posts\/3632\/revisions"}],"wp:featuredmedia":[{"embeddable":true,"href":"https:\/\/betsson.sport\/es\/wp-json\/wp\/v2\/media\/3596"}],"wp:attachment":[{"href":"https:\/\/betsson.sport\/es\/wp-json\/wp\/v2\/media?parent=3632"}],"wp:term":[{"taxonomy":"category","embeddable":true,"href":"https:\/\/betsson.sport\/es\/wp-json\/wp\/v2\/categories?post=3632"},{"taxonomy":"post_tag","embeddable":true,"href":"https:\/\/betsson.sport\/es\/wp-json\/wp\/v2\/tags?post=3632"},{"taxonomy":"label","embeddable":true,"href":"https:\/\/betsson.sport\/es\/wp-json\/wp\/v2\/label?post=3632"},{"taxonomy":"country","embeddable":true,"href":"https:\/\/betsson.sport\/es\/wp-json\/wp\/v2\/country?post=3632"}],"curies":[{"name":"wp","href":"https:\/\/api.w.org\/{rel}","templated":true}]}}