{"id":3721,"date":"2025-09-29T11:47:44","date_gmt":"2025-09-29T14:47:44","guid":{"rendered":"https:\/\/betsson.sport\/es\/?p=3721"},"modified":"2026-01-08T10:43:25","modified_gmt":"2026-01-08T13:43:25","slug":"isaac-del-toro-en-el-top-10","status":"publish","type":"post","link":"https:\/\/betsson.sport\/es\/noticias\/mas-deportes\/isaac-del-toro-en-el-top-10\/","title":{"rendered":"Isaac Del Toro en el top 10"},"content":{"rendered":"\n<p><strong>El ciclista mexicano Isaac del Toro hizo historia en el Campeonato Mundial de Ciclismo de Ruta 2025, celebrado en Kigali, Ruanda.<\/strong><\/p>\n\n\n\n<p>Del Toro, originario de Ensenada, Baja California, logr\u00f3 un impresionante s\u00e9ptimo lugar en la clasificaci\u00f3n general. Con esta actuaci\u00f3n, el \u201cTorito\u201d rompi\u00f3 una sequ\u00eda de m\u00e1s de dos d\u00e9cadas sin presencia latinoamericana en el top 10 de esta prestigiosa competencia. La \u00faltima vez que un latinoamericano hab\u00eda logrado un resultado similar fue en los a\u00f1os 2000, cuando el colombiano Rigoberto Ur\u00e1n figur\u00f3 entre los diez mejores del mundo.<\/p>\n\n\n\n<p>Del Toro, demostr\u00f3 calidad y resistencia a lo largo de una exigente ruta que puso a prueba a los mejores ciclistas del planeta. Su destacada participaci\u00f3n no solo fue celebrada por la afici\u00f3n mexicana y latinoamericana, Tadej Pogacar, bicampe\u00f3n del campeonato y compa\u00f1ero de Del Toro en el UAE Team Emirates, elogi\u00f3 su desempe\u00f1o, calificando como \"un sue\u00f1o\" haber compartido ruta con el joven mexicano.<\/p>\n\n\n\n<p>La haza\u00f1a de Del Toro es un \u00e9xito para el ciclismo latinoamericano, que recupera protagonismo en las grandes citas del calendario internacional. La actuaci\u00f3n del \u2018Torito\u2019 en Ruanda quedar\u00e1 grabada como una de las gestas m\u00e1s emocionantes del ciclismo mexicano en la actualidad.<\/p>\n","protected":false},"excerpt":{"rendered":"<p>El ciclista mexicano Isaac del Toro hizo historia en el Campeonato Mundial de Ciclismo de Ruta 2025, celebrado en Kigali, Ruanda. Del Toro, originario de Ensenada, Baja California, logr\u00f3 un impresionante s\u00e9ptimo lugar en la clasificaci\u00f3n general. Con esta actuaci\u00f3n, el \u201cTorito\u201d rompi\u00f3 una sequ\u00eda de m\u00e1s de dos d\u00e9cadas sin presencia latinoamericana en el [&hellip;]<\/p>\n","protected":false},"author":20,"featured_media":3723,"comment_status":"closed","ping_status":"closed","sticky":false,"template":"","format":"standard","meta":{"_acf_changed":false,"footnotes":""},"categories":[155],"tags":[484,368,367,65],"label":[],"country":[1477],"class_list":["post-3721","post","type-post","status-publish","format-standard","has-post-thumbnail","hentry","category-mas-deportes","tag-campeonato-mundial-de-ruta","tag-ciclismo","tag-isaac-del-toro","tag-mexico","country-mexico"],"acf":[],"_links":{"self":[{"href":"https:\/\/betsson.sport\/es\/wp-json\/wp\/v2\/posts\/3721","targetHints":{"allow":["GET"]}}],"collection":[{"href":"https:\/\/betsson.sport\/es\/wp-json\/wp\/v2\/posts"}],"about":[{"href":"https:\/\/betsson.sport\/es\/wp-json\/wp\/v2\/types\/post"}],"author":[{"embeddable":true,"href":"https:\/\/betsson.sport\/es\/wp-json\/wp\/v2\/users\/20"}],"replies":[{"embeddable":true,"href":"https:\/\/betsson.sport\/es\/wp-json\/wp\/v2\/comments?post=3721"}],"version-history":[{"count":0,"href":"https:\/\/betsson.sport\/es\/wp-json\/wp\/v2\/posts\/3721\/revisions"}],"wp:featuredmedia":[{"embeddable":true,"href":"https:\/\/betsson.sport\/es\/wp-json\/wp\/v2\/media\/3723"}],"wp:attachment":[{"href":"https:\/\/betsson.sport\/es\/wp-json\/wp\/v2\/media?parent=3721"}],"wp:term":[{"taxonomy":"category","embeddable":true,"href":"https:\/\/betsson.sport\/es\/wp-json\/wp\/v2\/categories?post=3721"},{"taxonomy":"post_tag","embeddable":true,"href":"https:\/\/betsson.sport\/es\/wp-json\/wp\/v2\/tags?post=3721"},{"taxonomy":"label","embeddable":true,"href":"https:\/\/betsson.sport\/es\/wp-json\/wp\/v2\/label?post=3721"},{"taxonomy":"country","embeddable":true,"href":"https:\/\/betsson.sport\/es\/wp-json\/wp\/v2\/country?post=3721"}],"curies":[{"name":"wp","href":"https:\/\/api.w.org\/{rel}","templated":true}]}}